{"id":2935,"date":"2021-11-08T08:06:00","date_gmt":"2021-11-08T11:06:00","guid":{"rendered":"https:\/\/www.semanariolocal.cl\/?p=2935"},"modified":"2021-11-08T23:08:13","modified_gmt":"2021-11-09T02:08:13","slug":"fitich-abrio-inscripciones-a-procesos-de-formacion-para-la-comunidad-chilota","status":"publish","type":"post","link":"https:\/\/www.semanariolocal.cl\/?p=2935","title":{"rendered":"Fitich abri\u00f3 inscripciones a procesos de formaci\u00f3n para  la comunidad chilota"},"content":{"rendered":"\n<p style=\"font-size:17px\">En el marco de la conmemoraci\u00f3n del XX Fitich, se retomar\u00e1n una serie de procesos de formaci\u00f3n dirigidos a adultos mayores, mujeres, disidencias y artistas que est\u00e9n interesados en sumarse a esta diversidad de instancias de aprendizaje.<\/p>\n\n\n\n<p style=\"font-size:17px\">El festival, que este a\u00f1o se desarrolla a trav\u00e9s del Fondo de Emergencia Transitorio del Fondo Nacional de Fomento y Desarrollo de las Artes Esc\u00e9nicas del Ministerio de las Culturas, Artes y Patrimonio, otorgar\u00e1 estos espacios para la comunidad chilota, con el fin de propiciar el encuentro e intercambio de conocimientos en materia cultural y art\u00edstica, brindando as\u00ed una oportunidad de perfeccionamiento para quienes no siempre tienen acceso a este tipo de procesos.<\/p>\n\n\n\n<p style=\"font-size:17px\">La programaci\u00f3n incluye un curso de mandalas tejidos; dramaturgia; una instancia de creaci\u00f3n de m\u00e1scaras (Comedia Humana); grabaci\u00f3n de audio; introducci\u00f3n a la creaci\u00f3n de m\u00e1scaras; movimiento para adultos mayores; pedagog\u00eda teatral para docentes; teatro para adultos mayores y el proceso denominado \u201cLo esencial es inaudible a los ojos\u201d.<\/p>\n\n\n\n<p style=\"font-size:17px\">Cada una de estas capacitaciones ser\u00e1n facilitadas por destacados profesionales y la primera de ellas tendr\u00e1 lugar en el Centro Cultural CapaNegra, en Nerc\u00f3n, a trav\u00e9s del curso de creaci\u00f3n de m\u00e1scaras (Comedia Humana), que dictar\u00e1 el artista Alexis Espinoza desde el viernes 12 de noviembre hasta el martes 16 de noviembre en el Centro Cultural CapaNegra, en Nerc\u00f3n.<\/p>\n\n\n\n<p style=\"font-size:17px\">El s\u00e1bado 13, la artista \u00darsula Arellano Jim\u00e9nez ofrecer\u00e1 un taller de mandala tejido, en el espacio ya mencionado. \u00c9ste se enmarca en la residencia que la artista se encuentra realizando en CRIA Chilo\u00e9 durante 7 semanas, en un trabajo de investigaci\u00f3n y conocimiento sobre la cester\u00eda del Archipi\u00e9lago.<\/p>\n\n\n\n<p style=\"font-size:17px\">En tanto, el lunes 15, tras la presentaci\u00f3n de Proyecto Hemin, tambi\u00e9n en CapaNegra, se inicia el proceso denominado \u201cdramaturgia de la formaci\u00f3n y la&nbsp;deformaci\u00f3n\u201d, a cargo de la dramaturga e investigadora Monserrat Cabrera Lucero que, en cinco sesiones, profundizar\u00e1 en distintas formas de construcci\u00f3n de textos dram\u00e1ticos, por lo cual este espacio est\u00e1 destinado exclusivamente a mujeres, feministas y disidencias.&nbsp;<em>\u201cLo m\u00e1s importante es que quieran vivir un proceso creativo, en el cual ir puliendo la propuesta de cada una, y que quieran saber m\u00e1s sobre la escritura teatral y lo que pasa en un escenario. Lo ideal es que ya se hayan enfrentado a la escritura antes, ya sea de forma autodidacta o en otros Talleres de escritura. Tambi\u00e9n ser\u00eda ideal que las mujeres que tengan un proyecto art\u00edstico de cualquier Arte, como artesan\u00eda, m\u00fasica, poes\u00eda, pintura, danza, fotograf\u00eda, etc., sobre el cual quieran profundizar y darle un giro en el escenario \u00a1Bienvenidas!\u201d,<\/em>&nbsp;coment\u00f3 la artista.<\/p>\n\n\n\n<p style=\"font-size:17px\">Paralelamente, &nbsp;se har\u00e1 presente la Compa\u00f1\u00eda Anticuerpo, que desarrollar\u00e1 distintos cursos, entre el 23 y el 28 de noviembre: El taller de movimiento para adultos mayores a cargo de Franco Baeza (Centro Cultural de Castro); el espacio&nbsp;<em>lo esencial es inaudible a los ojos<\/em>&nbsp;(Mat\u00edas Astudillo), en la sala orquesta del Centro Cultural de Castro; el curso de grabaci\u00f3n de audio, facilitado por el ingeniero de ejecuci\u00f3n en sonido Jos\u00e9 Molina (26 al 28 de noviembre) y el curso de introducci\u00f3n a la creaci\u00f3n de m\u00e1scaras de la actriz Camila Fuentes. Ambos se concretar\u00e1n en CapaNegra.<\/p>\n\n\n\n<p style=\"font-size:17px\">Pamela Silva, actriz de la compa\u00f1\u00eda Anticuerpo, valor\u00f3 que se genere esta oportunidad a partir del desarrollo del XX Fitich, instando a la comunidad a conocer detalles de cada capacitaci\u00f3n a trav\u00e9s de la web del encuentro.&nbsp;<em>\u201cLa verdad es que estamos todos muy entusiasmados por compartir nuestros conocimientos con quienes deseen participar y esperamos generar motivaci\u00f3n a trav\u00e9s de esta invitaci\u00f3n<\/em>\u201d, sostuvo.<\/p>\n\n\n\n<p style=\"font-size:17px\">Dos de los procesos \u2013 actuaci\u00f3n para adultos mayores (dictado por Carlos Aedo) y taller de pedagog\u00eda teatral para docentes &#8211; ya tienen cupos completos.<\/p>\n\n\n\n<p style=\"font-size:17px\">Fitich invita a la comunidad a inscribirse y participar de estas actividades. Todos los detalles de cada una de ellas est\u00e1n en&nbsp;<a href=\"https:\/\/www.fitich.cl\/inicio\/procesos-formativos-20fitich\/\" target=\"_blank\" rel=\"noreferrer noopener\">https:\/\/www.fitich.cl\/inicio\/procesos-formativos-20fitich\/<\/a>, donde tambi\u00e9n se encuentran los formularios para sumarse a las instancias de aprendizaje.<\/p>\n","protected":false},"excerpt":{"rendered":"<p>El festival vuelve con capacitaciones gratuitas, las que ser\u00e1n dictadas por profesionales de m\u00faltiples \u00e1reas del arte<\/p>\n","protected":false},"author":1,"featured_media":2936,"comment_status":"closed","ping_status":"closed","sticky":false,"template":"","format":"standard","meta":{"footnotes":""},"categories":[10],"tags":[],"class_list":["post-2935","post","type-post","status-publish","format-standard","has-post-thumbnail","hentry","category-cultura"],"_links":{"self":[{"href":"https:\/\/www.semanariolocal.cl\/index.php?rest_route=\/wp\/v2\/posts\/2935","targetHints":{"allow":["GET"]}}],"collection":[{"href":"https:\/\/www.semanariolocal.cl\/index.php?rest_route=\/wp\/v2\/posts"}],"about":[{"href":"https:\/\/www.semanariolocal.cl\/index.php?rest_route=\/wp\/v2\/types\/post"}],"author":[{"embeddable":true,"href":"https:\/\/www.semanariolocal.cl\/index.php?rest_route=\/wp\/v2\/users\/1"}],"replies":[{"embeddable":true,"href":"https:\/\/www.semanariolocal.cl\/index.php?rest_route=%2Fwp%2Fv2%2Fcomments&post=2935"}],"version-history":[{"count":1,"href":"https:\/\/www.semanariolocal.cl\/index.php?rest_route=\/wp\/v2\/posts\/2935\/revisions"}],"predecessor-version":[{"id":2937,"href":"https:\/\/www.semanariolocal.cl\/index.php?rest_route=\/wp\/v2\/posts\/2935\/revisions\/2937"}],"wp:featuredmedia":[{"embeddable":true,"href":"https:\/\/www.semanariolocal.cl\/index.php?rest_route=\/wp\/v2\/media\/2936"}],"wp:attachment":[{"href":"https:\/\/www.semanariolocal.cl\/index.php?rest_route=%2Fwp%2Fv2%2Fmedia&parent=2935"}],"wp:term":[{"taxonomy":"category","embeddable":true,"href":"https:\/\/www.semanariolocal.cl\/index.php?rest_route=%2Fwp%2Fv2%2Fcategories&post=2935"},{"taxonomy":"post_tag","embeddable":true,"href":"https:\/\/www.semanariolocal.cl\/index.php?rest_route=%2Fwp%2Fv2%2Ftags&post=2935"}],"curies":[{"name":"wp","href":"https:\/\/api.w.org\/{rel}","templated":true}]}}