{"id":2929,"date":"2021-11-08T23:02:44","date_gmt":"2021-11-09T02:02:44","guid":{"rendered":"https:\/\/www.semanariolocal.cl\/?p=2929"},"modified":"2021-11-08T23:02:45","modified_gmt":"2021-11-09T02:02:45","slug":"gob-regionales-propondran-ley-para-control-total-del-presupuesto-en-las-regiones","status":"publish","type":"post","link":"https:\/\/www.semanariolocal.cl\/?p=2929","title":{"rendered":"Gob. regionales propondr\u00e1n ley para control total del presupuesto en las regiones"},"content":{"rendered":"\n<p style=\"font-size:17px\">Patricio Vallespin, gobernador de la regi\u00f3n de Los Lagos, explic\u00f3 que \u201ccreemos que efectivamente la mayor\u00eda del Congreso est\u00e1 consciente de que es necesario tener m\u00e1s recursos para los gobiernos regionales, m\u00e1s autonom\u00eda y m\u00e1s flexibilidad. Esperamos que el gobierno entienda este mensaje\u201d. \u201cNo son m\u00e1s recursos para cualquier cosa, son m\u00e1s recursos para las cosas que nosotros comprometimos en nuestro programa regional y en los que la gente est\u00e1 esperando que avancemos\u201d, agreg\u00f3 el Gobernador.<\/p>\n\n\n\n<p style=\"font-size:17px\">La eliminaci\u00f3n del cargo de delegado presidencial y la incidencia en el nombramiento de autoridades se suman como componentes clave de este naciente proyecto de Ley. \u201cLos primeros d\u00edas de diciembre tendremos otra jornada de trabajo nacional, donde esperamos nos acompa\u00f1en los candidatos presidenciales que pasen a segunda vuelta, para plantearles, con claridad, que necesitamos una ley para la mejor gobernanza regional. No podemos esperar que termine el proceso constituyente para que se concrete el compromiso que ellos asumieron de eliminar la figura del delegado presidencial, que podamos tener dominio absoluto sobre las inversiones que los ministerios y que los sectores hacen en el territorio\u201d, declar\u00f3 Vallespin, aclarando que \u201ctambi\u00e9n pediremos que los gobernadores, elegidos por la gente, podamos incidir en la designaci\u00f3n de las autoridades de los sectores en los territorios\u201d.<\/p>\n\n\n\n<p style=\"font-size:17px\">En tanto, el Gobernador de Tarapac\u00e1, Jos\u00e9 Miguel Carvajal, indic\u00f3 que \u201cen Tarapac\u00e1 tendremos una gran oportunidad de presentar nuestras conclusiones de estos primeros meses y desaf\u00edos para profundizar el proceso de descentralizaci\u00f3n con el pr\u00f3ximo presidente o presidenta. Adem\u00e1s, realizaremos un encuentro entre las divisiones de fomento e industria para levantar agendas en materia de competitividad, corporaci\u00f3n, adem\u00e1s de ciencia, tecnolog\u00eda e innovaci\u00f3n\u201d.<\/p>\n\n\n\n<p style=\"font-size:17px\">El nuevo encuentro de Gobernadores y Gobernadoras se realizar\u00e1 el 1 y 2 de diciembre, en la ciudad de Iquique.<\/p>\n","protected":false},"excerpt":{"rendered":"<p>En el marco del segundo encuentro de Gobiernos Regionales, realizado en Punta Arenas, las autoridades regionales anunciaron que propondr\u00e1n al Congreso una ley complementaria que les permita ejecutar de mejor forma su gobernanza en cada una de las regiones.<\/p>\n","protected":false},"author":1,"featured_media":2930,"comment_status":"closed","ping_status":"closed","sticky":false,"template":"","format":"standard","meta":{"footnotes":""},"categories":[9,6],"tags":[],"class_list":["post-2929","post","type-post","status-publish","format-standard","has-post-thumbnail","hentry","category-gobierno","category-politica"],"_links":{"self":[{"href":"https:\/\/www.semanariolocal.cl\/index.php?rest_route=\/wp\/v2\/posts\/2929","targetHints":{"allow":["GET"]}}],"collection":[{"href":"https:\/\/www.semanariolocal.cl\/index.php?rest_route=\/wp\/v2\/posts"}],"about":[{"href":"https:\/\/www.semanariolocal.cl\/index.php?rest_route=\/wp\/v2\/types\/post"}],"author":[{"embeddable":true,"href":"https:\/\/www.semanariolocal.cl\/index.php?rest_route=\/wp\/v2\/users\/1"}],"replies":[{"embeddable":true,"href":"https:\/\/www.semanariolocal.cl\/index.php?rest_route=%2Fwp%2Fv2%2Fcomments&post=2929"}],"version-history":[{"count":1,"href":"https:\/\/www.semanariolocal.cl\/index.php?rest_route=\/wp\/v2\/posts\/2929\/revisions"}],"predecessor-version":[{"id":2931,"href":"https:\/\/www.semanariolocal.cl\/index.php?rest_route=\/wp\/v2\/posts\/2929\/revisions\/2931"}],"wp:featuredmedia":[{"embeddable":true,"href":"https:\/\/www.semanariolocal.cl\/index.php?rest_route=\/wp\/v2\/media\/2930"}],"wp:attachment":[{"href":"https:\/\/www.semanariolocal.cl\/index.php?rest_route=%2Fwp%2Fv2%2Fmedia&parent=2929"}],"wp:term":[{"taxonomy":"category","embeddable":true,"href":"https:\/\/www.semanariolocal.cl\/index.php?rest_route=%2Fwp%2Fv2%2Fcategories&post=2929"},{"taxonomy":"post_tag","embeddable":true,"href":"https:\/\/www.semanariolocal.cl\/index.php?rest_route=%2Fwp%2Fv2%2Ftags&post=2929"}],"curies":[{"name":"wp","href":"https:\/\/api.w.org\/{rel}","templated":true}]}}