{"id":29257,"date":"2025-06-05T10:15:00","date_gmt":"2025-06-05T14:15:00","guid":{"rendered":"https:\/\/www.semanariolocal.cl\/?p=29257"},"modified":"2025-06-06T22:45:15","modified_gmt":"2025-06-07T02:45:15","slug":"jardin-infantil-recibe-reconocimiento-como-amigo-de-la-lactancia-materna","status":"publish","type":"post","link":"https:\/\/www.semanariolocal.cl\/?p=29257","title":{"rendered":"Jardin Infantil recibe reconocimiento como \u00abamigo de la lactancia materna\u00bb."},"content":{"rendered":"\n<p><strong><mark style=\"background-color:#abb8c3\" class=\"has-inline-color has-white-color\">05 de Junio del 2025.-<\/mark><\/strong> Con la finalidad de reconocer las pr\u00e1cticas educativas y estrategias que desarrollan los jardines infantiles en torno a la protecci\u00f3n, promoci\u00f3n y mantenci\u00f3n de la lactancia materna en las comunidades educativas, la Seremi de Salud entreg\u00f3 al Jard\u00edn Infantil JUNJI Entre Cerros y, R\u00edos de la comuna de Maull\u00edn, la acreditaci\u00f3n \u201cJard\u00edn Infantil Amigo de la Lactancia Materna\u201d (JIALMA), luego de un trabajo previo que realiz\u00f3 durante un a\u00f1o el equipo educativo de este establecimiento preescolar para implementar estrategias que promuevan el ejercicio de este derecho, \u00a0siguiendo de manera exitosa los pasos y requerimiento entregados por la autoridad sanitaria, alcanzando un 97,5% del cumplimiento de la pauta aplicada.<\/p>\n\n\n\n<p>En la ceremonia de reconocimiento, la seremi de Salud, Karin Sol\u00eds destac\u00f3 que esta estrategia impulsada por el Ministerio de Salud \u201cno solamente tiene que ver con algo normativo, el cumplimiento de la ley 21.155, sino que adem\u00e1s tambi\u00e9n valora y rescata el trabajo que se hace en la articulaci\u00f3n intersectorial, tanto de Junji, del personal sanitario, en los distintos programas de salud, que benefician a los ni\u00f1os y ni\u00f1as de esta comuna de Maull\u00edn\u201d.<\/p>\n\n\n\n<p>Tambi\u00e9n, se refiri\u00f3 a los m\u00faltiples beneficios nutricionales e inmunol\u00f3gicos de la leche materna para el desarrollo integral de ni\u00f1os y ni\u00f1as, adem\u00e1s de ser un factor protector para la salud de las madres que amamantan. \u201cEstamos impulsando esta estrategia que da cumplimiento normativo, pero que adem\u00e1s tiene por gran objetivo poder rescatar la lactancia materna, que tiene grandes beneficios para la salud de los ni\u00f1os y ni\u00f1as, que beneficia, en el entorno inmunol\u00f3gico, en valorar un elemento nutricional, que tiene grandes beneficios para prevenir enfermedades cr\u00f3nicas en el futuro, para prevenir enfermedades de malnutrici\u00f3n por exceso, como es la obesidad, y tambi\u00e9n, beneficiar con todo este cambio clim\u00e1tico en todos los procesos infecciosos que los ni\u00f1os puedan tener\u201d.<\/p>\n\n\n\n<p>Sobre este reconocimiento, la directora del jard\u00edn Entre Cerros y R\u00edos, Rosa L\u00f3pez, manifest\u00f3 que \u201cesto viene a corroborar un trabajo realizado por a\u00f1os, coordinado y colaborativo con la comunidad educativa y local, especialmente, con los profesionales del Hospital San Carlos de Maull\u00edn, a quienes agradezco la disposici\u00f3n para trabajar de manera conjunta y poder promover y desarrollar la lactancia materna\u201d.<\/p>\n\n\n\n<p>En esta misma l\u00ednea, la subdirectora (s) de Calidad Educativa de JUNJI, Rosa Moraga, se refiri\u00f3 a la implementaci\u00f3n de una sala de lactancia dentro del recinto educacional, lo cual \u201cposibilita que las madres tengan un espacio seguro y c\u00f3modo donde se pueda propiciar un apego seguro con los ni\u00f1os y las ni\u00f1as y los beneficios que significa la lactancia materna como un alimento natural que entrega seguridad y salud y potencia el desarrollo cerebral de los p\u00e1rvulos\u201d.<\/p>\n\n\n\n<p>Cabe destacar que este a\u00f1o, el Jard\u00edn Infantil Entre Cerros y, R\u00edos de la comuna de Maull\u00edn es el primero en recibir la acreditaci\u00f3n \u201cJard\u00edn Infantil Amigo de la Lactancia Materna\u201d (JIALMA), reconocimiento que tambi\u00e9n han obtenido en a\u00f1os anteriores los jardines Capullito y Papelucho de Osorno y el jard\u00edn infantil Milla Antu, de la comuna de Puerto Montt, por lo que la Seremi de salud desarrollar\u00e1 jornadas en las distintas provincias para que m\u00e1s establecimientos preescolares se sumen a esta estrategia que promueve espacios de apoyo para que las madres trabajadoras y sus hijos &nbsp;ejerzan su derecho de amamantamiento.<\/p>\n","protected":false},"excerpt":{"rendered":"<p>\u201cEstamos impulsando esta estrategia que da cumplimiento normativo, pero que adem\u00e1s tiene por gran objetivo poder rescatar la lactancia materna, que tiene grandes beneficios para la salud de los ni\u00f1os\u00bb, indic\u00f3 la Seremi de Salud. <\/p>\n","protected":false},"author":1,"featured_media":29258,"comment_status":"closed","ping_status":"closed","sticky":false,"template":"","format":"standard","meta":{"footnotes":""},"categories":[3,11,3608,9,4338],"tags":[2118,337,273,247,133],"class_list":["post-29257","post","type-post","status-publish","format-standard","has-post-thumbnail","hentry","category-al-dia","category-educacion","category-estado","category-gobierno","category-organismos-publicos","tag-semanariolocal","tag-informacion","tag-noticias","tag-region-de-los-lagos","tag-semanario-local"],"_links":{"self":[{"href":"https:\/\/www.semanariolocal.cl\/index.php?rest_route=\/wp\/v2\/posts\/29257","targetHints":{"allow":["GET"]}}],"collection":[{"href":"https:\/\/www.semanariolocal.cl\/index.php?rest_route=\/wp\/v2\/posts"}],"about":[{"href":"https:\/\/www.semanariolocal.cl\/index.php?rest_route=\/wp\/v2\/types\/post"}],"author":[{"embeddable":true,"href":"https:\/\/www.semanariolocal.cl\/index.php?rest_route=\/wp\/v2\/users\/1"}],"replies":[{"embeddable":true,"href":"https:\/\/www.semanariolocal.cl\/index.php?rest_route=%2Fwp%2Fv2%2Fcomments&post=29257"}],"version-history":[{"count":1,"href":"https:\/\/www.semanariolocal.cl\/index.php?rest_route=\/wp\/v2\/posts\/29257\/revisions"}],"predecessor-version":[{"id":29259,"href":"https:\/\/www.semanariolocal.cl\/index.php?rest_route=\/wp\/v2\/posts\/29257\/revisions\/29259"}],"wp:featuredmedia":[{"embeddable":true,"href":"https:\/\/www.semanariolocal.cl\/index.php?rest_route=\/wp\/v2\/media\/29258"}],"wp:attachment":[{"href":"https:\/\/www.semanariolocal.cl\/index.php?rest_route=%2Fwp%2Fv2%2Fmedia&parent=29257"}],"wp:term":[{"taxonomy":"category","embeddable":true,"href":"https:\/\/www.semanariolocal.cl\/index.php?rest_route=%2Fwp%2Fv2%2Fcategories&post=29257"},{"taxonomy":"post_tag","embeddable":true,"href":"https:\/\/www.semanariolocal.cl\/index.php?rest_route=%2Fwp%2Fv2%2Ftags&post=29257"}],"curies":[{"name":"wp","href":"https:\/\/api.w.org\/{rel}","templated":true}]}}