{"id":29234,"date":"2025-06-06T08:05:00","date_gmt":"2025-06-06T12:05:00","guid":{"rendered":"https:\/\/www.semanariolocal.cl\/?p=29234"},"modified":"2025-06-06T21:04:38","modified_gmt":"2025-06-07T01:04:38","slug":"mejoramiento-de-escuela-tacamo-alto-tuvo-un-costo-de-mas-de-150-millones-de-pesos","status":"publish","type":"post","link":"https:\/\/www.semanariolocal.cl\/?p=29234","title":{"rendered":"Mejoramiento de Escuela Tacamo Alto tuvo un costo de m\u00e1s de 150 millones de pesos"},"content":{"rendered":"\n<p><strong><mark style=\"background-color:#abb8c3\" class=\"has-inline-color has-white-color\">06 de junio del 2025.- <\/mark><\/strong> Se trata de una obra&nbsp;altamente esperada por la comunidad educativa, que consider\u00f3 el mejoramiento&nbsp;integral del piso, interiores, aislaci\u00f3n t\u00e9rmica con ventanas termopanel, el redise\u00f1o del ingreso principal; incluyendo acceso universal, instalaci\u00f3n de baldosas podot\u00e1ctiles, equipos de iluminaci\u00f3n, pintura exterior y nuevos servicios higi\u00e9nicos.<\/p>\n\n\n\n<p>El alcalde Jaime Bertin, destac\u00f3 que son precisamente este tipo de obras por las que deben luchar las autoridades, un trabajo que est\u00e1 haciendo el municipio no s\u00f3lo a nivel urbano sino tambi\u00e9n en favor de las escuelas rurales de Osorno.<\/p>\n\n\n\n<p>El mejoramiento de este espacio de formaci\u00f3n pedag\u00f3gica fue ejecutado gracias a la transferencia de recursos dispuestos por la Direcci\u00f3n de Educaci\u00f3n P\u00fablica del Mineduc, proyecto postulado por el Daem Osorno y que alcanz\u00f3 a los $150 millones de pesos.<\/p>\n\n\n\n<p>En este sentido el Seremi de Educaci\u00f3n, Juan Eduardo G\u00f3mez,&nbsp;se comprometi\u00f3 a seguir impulsando la educaci\u00f3n rural, con obras como \u00e9stas que impactan positivamente en la comunidad de Tacam\u00f3, y sus alrededores, un ejemplo para seguir fortaleciendo la Educaci\u00f3n P\u00fablica de manera transversal, se\u00f1al\u00f3.&nbsp;<\/p>\n\n\n\n<p>Las nuevas obras&nbsp;implican tambi\u00e9n un bienestar para el cuerpo docente, que cuentan con espacios acogedores para desarrollar sus clases, motivando a los j\u00f3venes a no decaer en su inter\u00e9s por hacer de cada d\u00eda uno especial, y con nuevas experiencias que enfrentar nuevos retos acad\u00e9micos en beneficio de las nuevas generaciones, se\u00f1al\u00f3 la directora de la escuela Daniela Rivera.<\/p>\n","protected":false},"excerpt":{"rendered":"<p>La matr\u00edcula de estudiantes de este establecimiento municipal alcanza a los 16 alumnos de primero a octavo b\u00e1sico.<\/p>\n","protected":false},"author":1,"featured_media":29235,"comment_status":"closed","ping_status":"closed","sticky":false,"template":"","format":"standard","meta":{"footnotes":""},"categories":[3,11,3597,4353,4354],"tags":[2118,1435,337,3812,273,247,4355,133],"class_list":["post-29234","post","type-post","status-publish","format-standard","has-post-thumbnail","hentry","category-al-dia","category-educacion","category-municipalidad","category-osorno","category-sector-rural","tag-semanariolocal","tag-alcalde-de-osorno","tag-informacion","tag-jaime-bertin","tag-noticias","tag-region-de-los-lagos","tag-sector-rural","tag-semanario-local"],"_links":{"self":[{"href":"https:\/\/www.semanariolocal.cl\/index.php?rest_route=\/wp\/v2\/posts\/29234","targetHints":{"allow":["GET"]}}],"collection":[{"href":"https:\/\/www.semanariolocal.cl\/index.php?rest_route=\/wp\/v2\/posts"}],"about":[{"href":"https:\/\/www.semanariolocal.cl\/index.php?rest_route=\/wp\/v2\/types\/post"}],"author":[{"embeddable":true,"href":"https:\/\/www.semanariolocal.cl\/index.php?rest_route=\/wp\/v2\/users\/1"}],"replies":[{"embeddable":true,"href":"https:\/\/www.semanariolocal.cl\/index.php?rest_route=%2Fwp%2Fv2%2Fcomments&post=29234"}],"version-history":[{"count":1,"href":"https:\/\/www.semanariolocal.cl\/index.php?rest_route=\/wp\/v2\/posts\/29234\/revisions"}],"predecessor-version":[{"id":29236,"href":"https:\/\/www.semanariolocal.cl\/index.php?rest_route=\/wp\/v2\/posts\/29234\/revisions\/29236"}],"wp:featuredmedia":[{"embeddable":true,"href":"https:\/\/www.semanariolocal.cl\/index.php?rest_route=\/wp\/v2\/media\/29235"}],"wp:attachment":[{"href":"https:\/\/www.semanariolocal.cl\/index.php?rest_route=%2Fwp%2Fv2%2Fmedia&parent=29234"}],"wp:term":[{"taxonomy":"category","embeddable":true,"href":"https:\/\/www.semanariolocal.cl\/index.php?rest_route=%2Fwp%2Fv2%2Fcategories&post=29234"},{"taxonomy":"post_tag","embeddable":true,"href":"https:\/\/www.semanariolocal.cl\/index.php?rest_route=%2Fwp%2Fv2%2Ftags&post=29234"}],"curies":[{"name":"wp","href":"https:\/\/api.w.org\/{rel}","templated":true}]}}