{"id":2923,"date":"2021-11-09T07:20:00","date_gmt":"2021-11-09T10:20:00","guid":{"rendered":"https:\/\/www.semanariolocal.cl\/?p=2923"},"modified":"2021-11-08T22:55:31","modified_gmt":"2021-11-09T01:55:31","slug":"inaugurado-el-panel-informativo-en-el-valle-de-cochamo","status":"publish","type":"post","link":"https:\/\/www.semanariolocal.cl\/?p=2923","title":{"rendered":"Inaugurado el Panel Informativo en el Valle de Cocham\u00f3"},"content":{"rendered":"\n<p style=\"font-size:17px\">Con el fin de aumentar el nivel de conocimiento acerca de los principales atractivos, circuitos y objetos de conservaci\u00f3n, el Programa Territorial Integrado Ruta de los Parques de la Patagonia de Corfo Los Lagos en articulaci\u00f3n con la sociedad civil instalaron un panel informativo al inicio del sendero del Valle de Cocham\u00f3 contribuyendo, adem\u00e1s, a la recuperaci\u00f3n de la actividad tur\u00edstica tras los efectos ocasionados por la pandemia.&nbsp;<\/p>\n\n\n\n<p style=\"font-size:17px\">En una ceremonia al aire libre, representantes de la Municipalidad, Sernatur, Comit\u00e9 local de Cocham\u00f3, Organizaci\u00f3n del Valle de Cocham\u00f3 y Corfo Los Lagos, conocieron in situ las caracter\u00edsticas de esta se\u00f1al\u00e9tica que contempla recomendaciones para un viaje seguro, tiempos, distancias y niveles de dificultad de los senderos Trinidad, Anfiteatro, Cascada, Toboganes, Arcoiris y La Paloma. Del mismo modo, se da cuenta de los objetos naturales de conservaci\u00f3n destac\u00e1ndose alerces milenarios, pinturas rupestres, monito del monte, puma y el patrimonio cultural inmaterial referido a los arrieros.<\/p>\n\n\n\n<p style=\"font-size:17px\">Rodrigo Carrasco, director regional de Corfo Los Lagos, manifest\u00f3 que la instalaci\u00f3n de la se\u00f1al\u00e9tica representa la capacidad de \u201cponerse de acuerdo y unir voluntades. Esto m\u00e1s all\u00e1 de lo presupuestario y del esfuerzo f\u00edsico, requiere mucho conocimiento, pasi\u00f3n, historia y voluntad; y todo esto, lo estamos poniendo aqu\u00ed en algo materialidad, en conjunto con el municipio de Cocham\u00f3, la agrupaci\u00f3n que est\u00e1 administrando y protegiendo el valle y nuestro programa territorial integrado de la Ruta de los Parques de la Patagonia\u201d.&nbsp;<\/p>\n\n\n\n<p style=\"font-size:17px\">Por su parte Paula Sanza, integrante del directorio de la Organizaci\u00f3n del Valle de Cocham\u00f3, sostuvo que este panel \u201ces un gran aporte para crear un turismo sustentable y responsable, que es nuestro principal objetivo, y creemos que con este panel va hacer mucho m\u00e1s f\u00e1cil para nosotros en el centro de visitantes poder explicarles a los turistas a d\u00f3nde vienen y cu\u00e1l es el comportamiento que tienen que tener en un \u00e1rea silvestre\u201d.<\/p>\n\n\n\n<p style=\"font-size:17px\"><strong>Turismo responsable<\/strong><\/p>\n\n\n\n<p style=\"font-size:17px\">El acalde de Cocham\u00f3, Silverio Morales, indic\u00f3 que esta iniciativa es \u201cmuy relevante para el desarrollo del turismo y el ordenamiento de este valle para la conservaci\u00f3n, por lo que destacamos el aporte de Corfo, Sernatur y todos los organismos que han hecho posible la concreci\u00f3n de este panel informativo que, de alguna u otra manera, facilita el desplazamiento hacia la alta cordillera\u201d. &nbsp;<\/p>\n\n\n\n<p style=\"font-size:17px\">Desde el programa territorial, la gestora Francisca Aylwin, explic\u00f3 que \u201cen el territorio estamos apuntando a un turismo responsable y lo primero que se necesita para eso, es que la gente cuando venga a recorrer estos lugares y los conozca, se vaya con m\u00e1s informaci\u00f3n y as\u00ed nos ayudan a cuidarlos porque nadie cuida lo que no conoce. Este es un aporte para este turismo responsable, es una muestra de un trabajo en equipo y de c\u00f3mo se pueden ir logrando m\u00e1s cosas en el territorio cuando trabajamos juntos\u201d.<\/p>\n\n\n\n<p style=\"font-size:17px\">El dise\u00f1o de la pieza surge tras un an\u00e1lisis del territorio junto a la organizaci\u00f3n civil, resultando un producto identitario que revela rasgos visuales asociados a la xilograf\u00eda, con una paleta crom\u00e1tica inspirada en el entorno y un soporte de la estructura que interpreta a las m\u00edticas tranqueras presentes en la zona cordillerana.<\/p>\n","protected":false},"excerpt":{"rendered":"<p>Con el fin de aumentar el nivel de conocimiento acerca de los principales atractivos, circuitos y objetos de conservaci\u00f3n, el Programa Territorial Integrado Ruta de los Parques de la Patagonia de Corfo Los Lagos en articulaci\u00f3n con la sociedad civil instalaron un panel informativo al inicio del sendero del Valle de Cocham\u00f3 contribuyendo, adem\u00e1s, a&#8230;<a class=\"btnReadMore\" href=\"https:\/\/www.semanariolocal.cl\/?p=2923\"> Leer M\u00e1s<\/a><\/p>\n","protected":false},"author":1,"featured_media":2924,"comment_status":"closed","ping_status":"closed","sticky":false,"template":"","format":"standard","meta":{"footnotes":""},"categories":[3,8,12],"tags":[],"class_list":["post-2923","post","type-post","status-publish","format-standard","has-post-thumbnail","hentry","category-al-dia","category-comunas","category-economia"],"_links":{"self":[{"href":"https:\/\/www.semanariolocal.cl\/index.php?rest_route=\/wp\/v2\/posts\/2923","targetHints":{"allow":["GET"]}}],"collection":[{"href":"https:\/\/www.semanariolocal.cl\/index.php?rest_route=\/wp\/v2\/posts"}],"about":[{"href":"https:\/\/www.semanariolocal.cl\/index.php?rest_route=\/wp\/v2\/types\/post"}],"author":[{"embeddable":true,"href":"https:\/\/www.semanariolocal.cl\/index.php?rest_route=\/wp\/v2\/users\/1"}],"replies":[{"embeddable":true,"href":"https:\/\/www.semanariolocal.cl\/index.php?rest_route=%2Fwp%2Fv2%2Fcomments&post=2923"}],"version-history":[{"count":1,"href":"https:\/\/www.semanariolocal.cl\/index.php?rest_route=\/wp\/v2\/posts\/2923\/revisions"}],"predecessor-version":[{"id":2925,"href":"https:\/\/www.semanariolocal.cl\/index.php?rest_route=\/wp\/v2\/posts\/2923\/revisions\/2925"}],"wp:featuredmedia":[{"embeddable":true,"href":"https:\/\/www.semanariolocal.cl\/index.php?rest_route=\/wp\/v2\/media\/2924"}],"wp:attachment":[{"href":"https:\/\/www.semanariolocal.cl\/index.php?rest_route=%2Fwp%2Fv2%2Fmedia&parent=2923"}],"wp:term":[{"taxonomy":"category","embeddable":true,"href":"https:\/\/www.semanariolocal.cl\/index.php?rest_route=%2Fwp%2Fv2%2Fcategories&post=2923"},{"taxonomy":"post_tag","embeddable":true,"href":"https:\/\/www.semanariolocal.cl\/index.php?rest_route=%2Fwp%2Fv2%2Ftags&post=2923"}],"curies":[{"name":"wp","href":"https:\/\/api.w.org\/{rel}","templated":true}]}}