{"id":29222,"date":"2025-06-06T08:00:00","date_gmt":"2025-06-06T12:00:00","guid":{"rendered":"https:\/\/www.semanariolocal.cl\/?p=29222"},"modified":"2025-06-06T11:55:58","modified_gmt":"2025-06-06T15:55:58","slug":"cuidar-el-medio-ambiente-una-tarea-que-empieza-en-casa","status":"publish","type":"post","link":"https:\/\/www.semanariolocal.cl\/?p=29222","title":{"rendered":"Cuidar el medio ambiente: una tarea que empieza en casa"},"content":{"rendered":"\n<p><strong><mark style=\"background-color:#abb8c3\" class=\"has-inline-color has-white-color\">06 de Junio del 2025.- <\/mark><\/strong> Pero tambi\u00e9n enfrentamos desaf\u00edos ambientales urgentes, como la contaminaci\u00f3n del aire en invierno, acumulaci\u00f3n de basura, y un uso excesivo de recursos naturales. Frente a esto, debemos hacernos una pregunta clave: \u00bfqu\u00e9 estamos haciendo para cuidar nuestro entorno?<\/p>\n\n\n\n<p>Es importante entender que cuidar el medio ambiente no es una tarea exclusiva de las autoridades ni de grandes empresas, sino una responsabilidad compartida, que empieza en cada hogar.<\/p>\n\n\n\n<p>En nuestra ciudad tenemos ejemplos de compromiso ambiental, existen iniciativas valiosas impulsadas por vecinos, estudiantes y agrupaciones comprometidas con el cuidado de la naturaleza, ellos realizan diferentes acciones, tales como limpiezas comunitarias, actividades educativas en colegios y ferias de reciclaje, sin embargo, a\u00fan es necesario fortalecer esta cultura ambiental, sumando m\u00e1s participaci\u00f3n, conciencia y acci\u00f3n.<\/p>\n\n\n\n<p>Nuestras futuras generaciones merecen una ciudad limpia, verde y sana, por lo tanto, no dejemos que el progreso mal entendido sacrifique lo que nos hace \u00fanicos como ciudad: nuestra conexi\u00f3n con la naturaleza, nuestra identidad rural-urbana, y la calidad de vida que tanto valoramos.<\/p>\n\n\n\n<p>Cuidar el medio ambiente es cuidar Osorno, y ese cuidado empieza por nosotros, en nuestra casa, sector y comunidad, porque el futuro se construye hoy, con gestos concretos y compromiso real. Cada acci\u00f3n cuenta, como separar la basura, reducir el uso de le\u00f1a h\u00fameda, evitar el desperdicio de agua o no tirar residuos a nuestros r\u00edos, esto puede parecer poco, pero es mucho cuando todos lo hacemos.<\/p>\n\n\n\n<p>La calidad del aire que respiramos, el agua que consumimos y la belleza del entorno que habitamos dependen directamente de nuestras acciones. Cuidar el medio ambiente es en el fondo cuidar nuestra salud, nuestra econom\u00eda local y el futuro de las pr\u00f3ximas generaciones. No dejemos que la indiferencia destruya lo que a\u00fan podemos conservar.<\/p>\n\n\n\n<p><strong>Por Nancy Bello Barrientos<\/strong> &#8211; <strong>Jefa de carrera Servicio Social<\/strong> &#8211; <strong>Instituto Profesional Santo Tom\u00e1s Osorno<\/strong><\/p>\n","protected":false},"excerpt":{"rendered":"<p>Osorno es una ciudad privilegiada, tenemos r\u00edos que atraviesan nuestros paisajes, zonas rurales ricas en biodiversidad, y una historia profundamente conectada con la tierra y la naturaleza. <\/p>\n","protected":false},"author":1,"featured_media":29223,"comment_status":"closed","ping_status":"closed","sticky":false,"template":"","format":"standard","meta":{"footnotes":""},"categories":[3,11,4161,3690,7,3822],"tags":[2118,337,840,4351,273,247,133],"class_list":["post-29222","post","type-post","status-publish","format-standard","has-post-thumbnail","hentry","category-al-dia","category-educacion","category-familia","category-medio-ambiente","category-opinion","category-recursos-naturales","tag-semanariolocal","tag-informacion","tag-ip-santo-tomas","tag-nancy-bello-barrientos","tag-noticias","tag-region-de-los-lagos","tag-semanario-local"],"_links":{"self":[{"href":"https:\/\/www.semanariolocal.cl\/index.php?rest_route=\/wp\/v2\/posts\/29222","targetHints":{"allow":["GET"]}}],"collection":[{"href":"https:\/\/www.semanariolocal.cl\/index.php?rest_route=\/wp\/v2\/posts"}],"about":[{"href":"https:\/\/www.semanariolocal.cl\/index.php?rest_route=\/wp\/v2\/types\/post"}],"author":[{"embeddable":true,"href":"https:\/\/www.semanariolocal.cl\/index.php?rest_route=\/wp\/v2\/users\/1"}],"replies":[{"embeddable":true,"href":"https:\/\/www.semanariolocal.cl\/index.php?rest_route=%2Fwp%2Fv2%2Fcomments&post=29222"}],"version-history":[{"count":1,"href":"https:\/\/www.semanariolocal.cl\/index.php?rest_route=\/wp\/v2\/posts\/29222\/revisions"}],"predecessor-version":[{"id":29224,"href":"https:\/\/www.semanariolocal.cl\/index.php?rest_route=\/wp\/v2\/posts\/29222\/revisions\/29224"}],"wp:featuredmedia":[{"embeddable":true,"href":"https:\/\/www.semanariolocal.cl\/index.php?rest_route=\/wp\/v2\/media\/29223"}],"wp:attachment":[{"href":"https:\/\/www.semanariolocal.cl\/index.php?rest_route=%2Fwp%2Fv2%2Fmedia&parent=29222"}],"wp:term":[{"taxonomy":"category","embeddable":true,"href":"https:\/\/www.semanariolocal.cl\/index.php?rest_route=%2Fwp%2Fv2%2Fcategories&post=29222"},{"taxonomy":"post_tag","embeddable":true,"href":"https:\/\/www.semanariolocal.cl\/index.php?rest_route=%2Fwp%2Fv2%2Ftags&post=29222"}],"curies":[{"name":"wp","href":"https:\/\/api.w.org\/{rel}","templated":true}]}}