{"id":29205,"date":"2025-06-04T10:12:07","date_gmt":"2025-06-04T14:12:07","guid":{"rendered":"https:\/\/www.semanariolocal.cl\/?p=29205"},"modified":"2025-06-05T10:28:41","modified_gmt":"2025-06-05T14:28:41","slug":"anticonceptivos-de-emergencia","status":"publish","type":"post","link":"https:\/\/www.semanariolocal.cl\/?p=29205","title":{"rendered":"Anticonceptivos de emergencia"},"content":{"rendered":"\n<p><strong><mark style=\"background-color:#abb8c3\" class=\"has-inline-color has-white-color\">04 de junio del 2025.- <\/mark><\/strong>  Sin embargo, a\u00fan persisten m\u00faltiples mitos que dificultan su uso adecuado y generan desinformaci\u00f3n.<\/p>\n\n\n\n<p>En primer lugar, debemos desmentir que esta p\u00edldora sea abortiva ya que la anticoncepci\u00f3n de emergencia no interrumpe un embarazo ya establecido. Su funci\u00f3n principal es inhibir o retrasar la ovulaci\u00f3n.<\/p>\n\n\n\n<p>Por lo que, si la ovulaci\u00f3n ya ocurri\u00f3 y se ha producido la implantaci\u00f3n del \u00f3vulo fecundado, la p\u00edldora no tiene efecto<\/p>\n\n\n\n<p>Por otra parte, es falso que esta pastilla solo se puede usar una vez en la vida, ya que, aunque no es un m\u00e9todo de uso regular, la anticoncepci\u00f3n de emergencia puede utilizarse m\u00e1s de una vez si es necesario. Sin embargo, no protege durante el resto del ciclo.<\/p>\n\n\n\n<p>Adem\u00e1s, hay que recalcar que el uso de estas pastillas es legal para personas desde los 14 a\u00f1os, sin la necesidad de recibir autorizaci\u00f3n por parte de padres, madres o cuidadores.<\/p>\n\n\n\n<p>Como profesionales de la salud, y especialmente desde la matroner\u00eda, tenemos el deber de educar y orientar sin prejuicios. El acceso a la anticoncepci\u00f3n de emergencia no debe estar mediado por la culpa ni el miedo, sino por informaci\u00f3n clara, autonom\u00eda y acompa\u00f1amiento.<\/p>\n\n\n\n<p>Finalmente, recordar que la anticoncepci\u00f3n de emergencia es entregada gratuitamente en todos los centros de salud de la red p\u00fablica, incluidas postas rurales, consultorios y servicios de urgencia.<\/p>\n\n\n\n<p><strong>Mar\u00eda Gabriela Mondaca<\/strong> &#8211; <strong>Acad\u00e9mica de Obstetricia U. Andr\u00e9s Bello, sede Vi\u00f1a del Mar<\/strong><\/p>\n","protected":false},"excerpt":{"rendered":"<p>La anticoncepci\u00f3n de emergencia, tambi\u00e9n conocida como \u201cp\u00edldora del d\u00eda despu\u00e9s\u201d, es uno de los m\u00e9todos m\u00e1s utilizados por adolescentes.<\/p>\n","protected":false},"author":1,"featured_media":29206,"comment_status":"closed","ping_status":"closed","sticky":false,"template":"","format":"standard","meta":{"footnotes":""},"categories":[3,11,3750,7,2484,4346],"tags":[2118,4348,337,4347,273,3479,2554,247,56,133,1822],"class_list":["post-29205","post","type-post","status-publish","format-standard","has-post-thumbnail","hentry","category-al-dia","category-educacion","category-mujer-y-belleza","category-opinion","category-salud","category-vida-sana","tag-semanariolocal","tag-anticonceptivos","tag-informacion","tag-maria-gabriela-mondaca","tag-noticias","tag-obstetricia","tag-opinion-3","tag-region-de-los-lagos","tag-salud","tag-semanario-local","tag-universidad-andres-bello"],"_links":{"self":[{"href":"https:\/\/www.semanariolocal.cl\/index.php?rest_route=\/wp\/v2\/posts\/29205","targetHints":{"allow":["GET"]}}],"collection":[{"href":"https:\/\/www.semanariolocal.cl\/index.php?rest_route=\/wp\/v2\/posts"}],"about":[{"href":"https:\/\/www.semanariolocal.cl\/index.php?rest_route=\/wp\/v2\/types\/post"}],"author":[{"embeddable":true,"href":"https:\/\/www.semanariolocal.cl\/index.php?rest_route=\/wp\/v2\/users\/1"}],"replies":[{"embeddable":true,"href":"https:\/\/www.semanariolocal.cl\/index.php?rest_route=%2Fwp%2Fv2%2Fcomments&post=29205"}],"version-history":[{"count":1,"href":"https:\/\/www.semanariolocal.cl\/index.php?rest_route=\/wp\/v2\/posts\/29205\/revisions"}],"predecessor-version":[{"id":29207,"href":"https:\/\/www.semanariolocal.cl\/index.php?rest_route=\/wp\/v2\/posts\/29205\/revisions\/29207"}],"wp:featuredmedia":[{"embeddable":true,"href":"https:\/\/www.semanariolocal.cl\/index.php?rest_route=\/wp\/v2\/media\/29206"}],"wp:attachment":[{"href":"https:\/\/www.semanariolocal.cl\/index.php?rest_route=%2Fwp%2Fv2%2Fmedia&parent=29205"}],"wp:term":[{"taxonomy":"category","embeddable":true,"href":"https:\/\/www.semanariolocal.cl\/index.php?rest_route=%2Fwp%2Fv2%2Fcategories&post=29205"},{"taxonomy":"post_tag","embeddable":true,"href":"https:\/\/www.semanariolocal.cl\/index.php?rest_route=%2Fwp%2Fv2%2Ftags&post=29205"}],"curies":[{"name":"wp","href":"https:\/\/api.w.org\/{rel}","templated":true}]}}