{"id":2920,"date":"2021-11-09T07:15:00","date_gmt":"2021-11-09T10:15:00","guid":{"rendered":"https:\/\/www.semanariolocal.cl\/?p=2920"},"modified":"2021-11-08T22:52:01","modified_gmt":"2021-11-09T01:52:01","slug":"puerto-varas-en-alerta-frente-a-retrocesos-por-corona-virus","status":"publish","type":"post","link":"https:\/\/www.semanariolocal.cl\/?p=2920","title":{"rendered":"Puerto Varas en Alerta frente a retrocesos por Corona Virus"},"content":{"rendered":"\n<p style=\"font-size:17px\">\u201c<em>Se hace tremendamente importante que mantengamos las medidas de cuidado, no bajar la guardia ante el virus y sobre todo, potenciar el autocuidado<\/em>\u201d, destac\u00f3 la autoridad municipal, Tom\u00e1s G\u00e1rate, en punto de prensa realizado junto a la directora de salud, Mar\u00eda Victoria Carrasco, luego del anuncio de retroceso a fase 3 de la comuna desde el Gobierno Central.<\/p>\n\n\n\n<p style=\"font-size:17px\"><em>\u201cHay un 850% de alza en casos positivos y en una comuna peque\u00f1a es importante, sobre todo ad portas de la temporada estival donde el comercio, el turismo se juega gran parte del a\u00f1o en los meses que siguen. Por eso hago un llamado a todos los vecinos y vecinas a que nos cuidemos, a completar los esquemas de vacunaci\u00f3n y declarar los contactos estrechos, en caso de contagio, que es fundamental para la trazabilidad que hace nuestro equipo de salud\u201d dijo el jefe comunal.<\/em><\/p>\n\n\n\n<p style=\"font-size:17px\">Por su parte, la doctora inform\u00f3 que en la comuna se han administrado un total de 37.520 esquemas completos de vacunaci\u00f3n contra COVID19 a personas de 18 a\u00f1os o m\u00e1s, junto con la direcci\u00f3n de salud hemos estado trabajando con diversos grupos de inter\u00e9s para, en conjunto, generar todos los resguardos necesarios. \u201c<em>Las medidas preventivas contra el COVID19 son la principal herramienta en la prevenci\u00f3n del contagio y del aumento del n\u00famero de casos<\/em>\u201d, destac\u00f3 la profesional instando a la comunidad a mantener las medidas de autocuidado como: lavarse las manos con agua y jab\u00f3n o alcohol gel frecuentemente, mantener distanciamiento f\u00edsico de 1 metro con otras personas, usar siempre mascarilla en p\u00fablico, lugares de trabajo o cuando no sea posible mantener el distanciamiento f\u00edsico. Idealmente mascarilla quir\u00fargica, mantener ventilaci\u00f3n adecuada en espacios cerrados.<\/p>\n\n\n\n<p style=\"font-size:17px\">\u201cEn un mes hemos aumentado significativamente los casos positivos, hay algunos casos delta y la preocupaci\u00f3n es que viene la temporada estival y no queremos deteriorarla por lo que hemos estado dando todas las indicaciones para alcanzar nuevamente la Fase 4. Para nosotros la fase 3 significa una disminuci\u00f3n de los aforos en espacios p\u00fablicos y privados\u201d explic\u00f3 la directora de salud de Puerto Varas.<\/p>\n\n\n\n<p style=\"font-size:17px\">En caso que alguna persona presente tos, congesti\u00f3n nasal, dolor de garganta, fiebre, dolor de cabeza, dificultad para respirar, p\u00e9rdida de olfato, p\u00e9rdida del gusto, u otros s\u00edntomas de COVID19, \u201c<em>la persona debe acudir inmediatamente al servicio de urgencias SAR Puerto Varas, donde se le realizar\u00e1 examen para detectar COVID19<\/em>\u201d, detall\u00f3 la directora.<\/p>\n\n\n\n<p style=\"font-size:17px\">Entre las medidas que se est\u00e1n llevando a cabo, el alcalde destac\u00f3 los dos puntos de vacunaci\u00f3n que se est\u00e1n llevando a cabo, de lunes a viernes, en la ciudad de Puerto Varas, localizados en el Coliseo Municipal. Por su parte, en Nueva Braunau la vacunaci\u00f3n se est\u00e1 llevando a cabo en la Sede Municipal tres d\u00edas a la semana; mientras que la vacunaci\u00f3n en Postas de Salud Rural se lleva a cabo seg\u00fan el calendario que es publicado permanentemente en las plataformas municipales, medios de comunicaci\u00f3n y redes sociales.&nbsp;<\/p>\n\n\n\n<p style=\"font-size:17px\">En el caso de personas con movilidad reducida y dependencia severa, se realiza inoculaci\u00f3n a domicilio, mientras que ni\u00f1os entre 6 a 11 a\u00f1os, la vacunaci\u00f3n se lleva a cabo en los establecimientos educacionales con supervisi\u00f3n m\u00e9dica directa.<\/p>\n","protected":false},"excerpt":{"rendered":"<p>El Alcalde Tom\u00e1s G\u00e1rate junto a la directora de Salud de la Municipalidad hicieron un llamado al autocuidado y a continuar con las vacunaciones dentro de la poblaci\u00f3n.  La nueva fase se har\u00e1 efectiva a partir del mi\u00e9rcoles 11 de noviembre a las 5 de la ma\u00f1ana.<\/p>\n","protected":false},"author":1,"featured_media":2921,"comment_status":"closed","ping_status":"closed","sticky":false,"template":"","format":"standard","meta":{"footnotes":""},"categories":[3,8],"tags":[],"class_list":["post-2920","post","type-post","status-publish","format-standard","has-post-thumbnail","hentry","category-al-dia","category-comunas"],"_links":{"self":[{"href":"https:\/\/www.semanariolocal.cl\/index.php?rest_route=\/wp\/v2\/posts\/2920","targetHints":{"allow":["GET"]}}],"collection":[{"href":"https:\/\/www.semanariolocal.cl\/index.php?rest_route=\/wp\/v2\/posts"}],"about":[{"href":"https:\/\/www.semanariolocal.cl\/index.php?rest_route=\/wp\/v2\/types\/post"}],"author":[{"embeddable":true,"href":"https:\/\/www.semanariolocal.cl\/index.php?rest_route=\/wp\/v2\/users\/1"}],"replies":[{"embeddable":true,"href":"https:\/\/www.semanariolocal.cl\/index.php?rest_route=%2Fwp%2Fv2%2Fcomments&post=2920"}],"version-history":[{"count":1,"href":"https:\/\/www.semanariolocal.cl\/index.php?rest_route=\/wp\/v2\/posts\/2920\/revisions"}],"predecessor-version":[{"id":2922,"href":"https:\/\/www.semanariolocal.cl\/index.php?rest_route=\/wp\/v2\/posts\/2920\/revisions\/2922"}],"wp:featuredmedia":[{"embeddable":true,"href":"https:\/\/www.semanariolocal.cl\/index.php?rest_route=\/wp\/v2\/media\/2921"}],"wp:attachment":[{"href":"https:\/\/www.semanariolocal.cl\/index.php?rest_route=%2Fwp%2Fv2%2Fmedia&parent=2920"}],"wp:term":[{"taxonomy":"category","embeddable":true,"href":"https:\/\/www.semanariolocal.cl\/index.php?rest_route=%2Fwp%2Fv2%2Fcategories&post=2920"},{"taxonomy":"post_tag","embeddable":true,"href":"https:\/\/www.semanariolocal.cl\/index.php?rest_route=%2Fwp%2Fv2%2Ftags&post=2920"}],"curies":[{"name":"wp","href":"https:\/\/api.w.org\/{rel}","templated":true}]}}