{"id":29187,"date":"2025-06-03T10:00:00","date_gmt":"2025-06-03T14:00:00","guid":{"rendered":"https:\/\/www.semanariolocal.cl\/?p=29187"},"modified":"2025-06-04T11:25:25","modified_gmt":"2025-06-04T15:25:25","slug":"el-desafio-de-mejorar-la-calidad-de-la-educacion-en-chile","status":"publish","type":"post","link":"https:\/\/www.semanariolocal.cl\/?p=29187","title":{"rendered":"El desaf\u00edo de mejorar la calidad de la educaci\u00f3n en Chile"},"content":{"rendered":"\n<p><strong><mark style=\"background-color:#abb8c3\" class=\"has-inline-color has-white-color\">03 de junio del 2025.-<\/mark><\/strong> Sin embargo, el acceso ya no es suficiente: el gran desaf\u00edo es mejorar la calidad de la educaci\u00f3n, especialmente en el sistema p\u00fablico. Para lograrlo, debemos corregir y fortalecer nuestro sistema educacional con urgencia.<\/p>\n\n\n\n<p>Un punto cr\u00edtico es la educaci\u00f3n parvularia. Aunque existen progresos, es imprescindible ampliar su cobertura y calidad, dado su impacto en el desarrollo futuro de ni\u00f1os y ni\u00f1as. Adem\u00e1s, urge revisar y ajustar la Ley N\u00b021.040 que cre\u00f3 el nuevo sistema de educaci\u00f3n p\u00fablica, ya que su implementaci\u00f3n presenta serias deficiencias.<\/p>\n\n\n\n<p>Otro eje clave es fortalecer la gobernanza del sistema. Los servicios locales de educaci\u00f3n p\u00fablica deben contar con un modelo presupuestario eficiente y una gesti\u00f3n t\u00e9cnica robusta. En paralelo, es necesario mejorar la capacidad t\u00e9cnico-pedag\u00f3gica de los docentes y directivos, as\u00ed como abordar el bajo rendimiento acad\u00e9mico en los establecimientos que atienden a los sectores m\u00e1s vulnerables del pa\u00eds, sean municipales o particulares subvencionados.<\/p>\n\n\n\n<p>Asimismo, la equidad sigue siendo una deuda pendiente. Reducir la brecha en los resultados educativos entre distintos niveles socioecon\u00f3micos debe ser una prioridad.<\/p>\n\n\n\n<p>Finalmente, debemos enfrentar un problema estructural: el 60% de los chilenos no comprende lo que lee. Por ello, se hace indispensable implementar una campa\u00f1a nacional de fomento a la lectura y la escritura que promueva el amor por los libros desde la primera infancia.<\/p>\n\n\n\n<p>Estos son solo algunos de los desaf\u00edos que enfrentamos. Mejorar la calidad de la educaci\u00f3n no puede seguir siendo postergado. Est\u00e1 en juego el futuro de nuestras ni\u00f1as, ni\u00f1os y j\u00f3venes, y por ende, el futuro de Chile.<\/p>\n","protected":false},"excerpt":{"rendered":"<p>Chile ha logrado avances importantes en cobertura educacional en todos los niveles&#8230;<\/p>\n","protected":false},"author":1,"featured_media":29188,"comment_status":"closed","ping_status":"closed","sticky":false,"template":"","format":"standard","meta":{"footnotes":""},"categories":[11,9,2496,7],"tags":[2118,2675,337,273,2802,247,133],"class_list":["post-29187","post","type-post","status-publish","format-standard","has-post-thumbnail","hentry","category-educacion","category-gobierno","category-nacional","category-opinion","tag-semanariolocal","tag-bernardo-candia-henriquez","tag-informacion","tag-noticias","tag-opinion-4","tag-region-de-los-lagos","tag-semanario-local"],"_links":{"self":[{"href":"https:\/\/www.semanariolocal.cl\/index.php?rest_route=\/wp\/v2\/posts\/29187","targetHints":{"allow":["GET"]}}],"collection":[{"href":"https:\/\/www.semanariolocal.cl\/index.php?rest_route=\/wp\/v2\/posts"}],"about":[{"href":"https:\/\/www.semanariolocal.cl\/index.php?rest_route=\/wp\/v2\/types\/post"}],"author":[{"embeddable":true,"href":"https:\/\/www.semanariolocal.cl\/index.php?rest_route=\/wp\/v2\/users\/1"}],"replies":[{"embeddable":true,"href":"https:\/\/www.semanariolocal.cl\/index.php?rest_route=%2Fwp%2Fv2%2Fcomments&post=29187"}],"version-history":[{"count":1,"href":"https:\/\/www.semanariolocal.cl\/index.php?rest_route=\/wp\/v2\/posts\/29187\/revisions"}],"predecessor-version":[{"id":29189,"href":"https:\/\/www.semanariolocal.cl\/index.php?rest_route=\/wp\/v2\/posts\/29187\/revisions\/29189"}],"wp:featuredmedia":[{"embeddable":true,"href":"https:\/\/www.semanariolocal.cl\/index.php?rest_route=\/wp\/v2\/media\/29188"}],"wp:attachment":[{"href":"https:\/\/www.semanariolocal.cl\/index.php?rest_route=%2Fwp%2Fv2%2Fmedia&parent=29187"}],"wp:term":[{"taxonomy":"category","embeddable":true,"href":"https:\/\/www.semanariolocal.cl\/index.php?rest_route=%2Fwp%2Fv2%2Fcategories&post=29187"},{"taxonomy":"post_tag","embeddable":true,"href":"https:\/\/www.semanariolocal.cl\/index.php?rest_route=%2Fwp%2Fv2%2Ftags&post=29187"}],"curies":[{"name":"wp","href":"https:\/\/api.w.org\/{rel}","templated":true}]}}