{"id":29171,"date":"2025-06-02T09:30:00","date_gmt":"2025-06-02T13:30:00","guid":{"rendered":"https:\/\/www.semanariolocal.cl\/?p=29171"},"modified":"2025-06-04T10:38:48","modified_gmt":"2025-06-04T14:38:48","slug":"el-64-de-los-chilenos-pide-sanciones-para-quienes-viajaron-al-extranjero-con-licencias-medicas","status":"publish","type":"post","link":"https:\/\/www.semanariolocal.cl\/?p=29171","title":{"rendered":"EL 64% de los chilenos pide sanciones para quienes viajaron al extranjero con licencias m\u00e9dicas"},"content":{"rendered":"\n<p><strong><mark style=\"background-color:#abb8c3\" class=\"has-inline-color has-white-color\">02 de Junio del 2025.- <\/mark><\/strong> El reciente informe de la Contralor\u00eda General de la Rep\u00fablica, que revel\u00f3 que m\u00e1s de 25 mil funcionarios p\u00fablicos viajaron al extranjero tras haber solicitado licencias m\u00e9dicas entre 2023 y 2024, caus\u00f3 revuelo a lo largo del pa\u00eds. En respuesta a ello, la Encuesta Chile Nos Habla, de la Universidad San Sebasti\u00e1n, midi\u00f3 la opini\u00f3n de la ciudadan\u00eda con respecto a este caso. Para el 96,8% est\u00e1 muy mal o mal esta pr\u00e1ctica, al 2,8% le es indiferente y solo un 0,4% cree que est\u00e1 bien.<\/p>\n\n\n\n<p><strong>Reembolso y desvinculaciones aparecen como las principales sanciones<\/strong><\/p>\n\n\n\n<p>Al preguntar por las acciones de corto plazo que se debiesen tomar si se comprueban casos de mal uso de licencias, laencuesta, liderada por el Centro de Pol\u00edticas P\u00fablicas de la Facultad de Econom\u00eda, Negocios y Gobierno USS, en colaboraci\u00f3n con el Instituto de Pol\u00edticas P\u00fablicas en Salud (IPSUSS) de la Facultad de Medicina muestra que un 69,9% declar\u00f3 exigir el reembolso del pago de dichas licencias a los funcionarios que viajaron al extranjero; el 64,2% cree que se debe desvincular a esos funcionarios.<\/p>\n\n\n\n<p>Entre otras acciones, casi la mitad (44,9%), se inclina por investigar a los profesionales de la salud que emiten estas licencias, un 41,7% que se tomen acciones legales contra los funcionarios p\u00fablicos que hicieron uso fraudulento de las licencias y, finalmente, un 40,9% que se instruyan sumarios administrativos.<\/p>\n\n\n\n<p>\u201cEste hecho es de la mayor gravedad, da\u00f1a la fe p\u00fablica y la legitimidad del Estado. En momentos de estrechez de las arcas fiscales, con un d\u00e9ficit severo de las cuentas p\u00fablicas, duele constatar que este fraude, corroborado por Contralor\u00eda General de la Rep\u00fablica, se financi\u00f3 con los impuestos que pagan todos los chilenos, cuyos recursos tienen un costo alternativo alto y dejan de destinarse a materias urgentes para la ciudadan\u00eda, como seguridad, listas de espera en salud y empleo.\u201d, se\u00f1ala Alejandro Weber, decano de la Facultad de Econom\u00eda, Negocios y Gobierno de la USS.<\/p>\n\n\n\n<p>Para el Dr. Jorge Acosta, director Ejecutivo del Instituto de Pol\u00edticas P\u00fablicas en Salud (IPSUSS), \u201clas personas aciertan en indicar que urge aumentar la fiscalizaci\u00f3n para evitar la utilizaci\u00f3n maliciosa de las licencias m\u00e9dicas y que aquello tenga consecuencias, tanto para los que las piden, como para quienes las emiten\u201d.<\/p>\n\n\n\n<p>En esta l\u00ednea, Weber agrega que \u201cla soluci\u00f3n al problema debe separarse en dos partes. Por un lado, sancionar conforme a derecho a quienes incurrieron en el il\u00edcito y, por otra parte, es una oportunidad inmejorable para legislar y modificar el r\u00e9gimen de empleo p\u00fablico, anacr\u00f3nico e ineficaz, que hoy se est\u00e1 transformando en una barrera para que el Estado gaste mejor los recursos de todos los chilenos\u201d.<\/p>\n\n\n\n<p><strong>Poca confianza en el desenlace del caso<\/strong><\/p>\n\n\n\n<p>En relaci\u00f3n con las posibles causas que pueden haber desembocado en esta situaci\u00f3n, un 71,6% indica que se debe a la falta de consecuencias para quienes solicitan estas licencias y, al mismo tiempo, un 63,9% afirma que se explica por la falta de consecuencias para quienes las emiten, seguido de un 39,7 para aquellos que consideran que se debe a una falta de control por parte de la Comisi\u00f3n de Medicina Preventiva e Invalidez (COMPIN).<\/p>\n\n\n\n<p>\u201cComparando con experiencias internacionales, destaca la necesidad de evaluar el disminuir gradualmente el porcentaje del subsidio a lo largo de la licencia (para incentivar la reincorporaci\u00f3n temprana), revisar la temporalidad de la incapacidad cuando es muy extensa (6 meses) para empalmar con pensiones de invalidez, y evaluar la participaci\u00f3n de los empleadores en parte del financiamiento de la ausencia\u201d, se\u00f1al\u00f3 el director ejecutivo del IPSUSS.&nbsp;<\/p>\n\n\n\n<p>Ante la pregunta sobre qu\u00e9 cree que pasar\u00e1 finalmente con los funcionarios p\u00fablicos que viajaron estanco con licencia m\u00e9dica, el 58,4% indica que no pasar\u00e1 nada, un 30% cree que se tomar\u00e1n medidas leves y s\u00f3lo 11% cree que se tomar\u00e1n medidas importantes para que no se repitan casos como este.<\/p>\n\n\n\n<p>Revisa los resultados de la <a href=\"https:\/\/cdn.uss.cl\/content\/uploads\/2025\/05\/28195629\/250527-PPT-Resultados-Chile-Nos-Habla-Licencias.pdf\">Encuesta Chile Nos Habla sobre Licencias M\u00e9dicas<\/a>.<\/p>\n\n\n\n<p><strong>Acerca de Chile Nos Habla<\/strong><\/p>\n\n\n\n<p>La encuesta Chile Nos Habla es una iniciativa del Centro de Pol\u00edticas P\u00fablicas de la Facultad de Econom\u00eda y Gobierno de la Universidad San Sebasti\u00e1n. Busca aportar al debate p\u00fablico con datos e informaci\u00f3n de diagn\u00f3stico y contribuir a la generaci\u00f3n de estudios, propuestas y proyectos de pol\u00edtica p\u00fablica que aborden problem\u00e1ticas de inter\u00e9s social. Chile Nos Habla cuenta con un comit\u00e9 editorial intersectorial y un comit\u00e9 t\u00e9cnico transversal para la revisi\u00f3n metodol\u00f3gica de las encuestas. Las mediciones se realizan en alianza con la consultora Studio Publico.<\/p>\n\n\n\n<p><strong>Sobre la metodolog\u00eda de la encuesta<\/strong><\/p>\n\n\n\n<p>Es un estudio cuantitativo con muestreo aleatorio estratificado proporcional por regi\u00f3n. Se realiza mediante la t\u00e9cnica de medici\u00f3n de tipo CAWI (Computer Assisted Web Interviewing) con base en cuestionario estructurado auto aplicado. La muestra incluy\u00f3 834 casos exitosos de un total de 40 mil env\u00edos. Tasa de respuesta completa del 2,2% con resultados en todas las regiones, 181 comunas, ambos sexos, en todos los tramos etarios y todos los NSE. La encuesta se aplic\u00f3 entre el 23 y el 27 de mayo de 2025.<\/p>\n","protected":false},"excerpt":{"rendered":"<p>En la encuesta realizada por la Universidad San Sebasti\u00e1n, adem\u00e1s, aparecen como alternativas para sancionar la falta: el reembolso de los dineros (69,9%), investigar a quienes emitieron las licencias (44,9%), tomar acciones legales contra los funcionarios (41,7%) y realizar sumarios administrativos (40,9%). Sobre el desenlace del caso, un 58,4% cree que no pasar\u00e1 nada con los funcionarios involucrados.<\/p>\n","protected":false},"author":1,"featured_media":29172,"comment_status":"closed","ping_status":"closed","sticky":false,"template":"","format":"standard","meta":{"footnotes":""},"categories":[3608,9,6,2484,3528],"tags":[2118,337,3787,273,247,133],"class_list":["post-29171","post","type-post","status-publish","format-standard","has-post-thumbnail","hentry","category-estado","category-gobierno","category-politica","category-salud","category-servicios-publicos","tag-semanariolocal","tag-informacion","tag-licencias-medicas","tag-noticias","tag-region-de-los-lagos","tag-semanario-local"],"_links":{"self":[{"href":"https:\/\/www.semanariolocal.cl\/index.php?rest_route=\/wp\/v2\/posts\/29171","targetHints":{"allow":["GET"]}}],"collection":[{"href":"https:\/\/www.semanariolocal.cl\/index.php?rest_route=\/wp\/v2\/posts"}],"about":[{"href":"https:\/\/www.semanariolocal.cl\/index.php?rest_route=\/wp\/v2\/types\/post"}],"author":[{"embeddable":true,"href":"https:\/\/www.semanariolocal.cl\/index.php?rest_route=\/wp\/v2\/users\/1"}],"replies":[{"embeddable":true,"href":"https:\/\/www.semanariolocal.cl\/index.php?rest_route=%2Fwp%2Fv2%2Fcomments&post=29171"}],"version-history":[{"count":1,"href":"https:\/\/www.semanariolocal.cl\/index.php?rest_route=\/wp\/v2\/posts\/29171\/revisions"}],"predecessor-version":[{"id":29173,"href":"https:\/\/www.semanariolocal.cl\/index.php?rest_route=\/wp\/v2\/posts\/29171\/revisions\/29173"}],"wp:featuredmedia":[{"embeddable":true,"href":"https:\/\/www.semanariolocal.cl\/index.php?rest_route=\/wp\/v2\/media\/29172"}],"wp:attachment":[{"href":"https:\/\/www.semanariolocal.cl\/index.php?rest_route=%2Fwp%2Fv2%2Fmedia&parent=29171"}],"wp:term":[{"taxonomy":"category","embeddable":true,"href":"https:\/\/www.semanariolocal.cl\/index.php?rest_route=%2Fwp%2Fv2%2Fcategories&post=29171"},{"taxonomy":"post_tag","embeddable":true,"href":"https:\/\/www.semanariolocal.cl\/index.php?rest_route=%2Fwp%2Fv2%2Ftags&post=29171"}],"curies":[{"name":"wp","href":"https:\/\/api.w.org\/{rel}","templated":true}]}}