{"id":2917,"date":"2021-11-09T06:50:00","date_gmt":"2021-11-09T09:50:00","guid":{"rendered":"https:\/\/www.semanariolocal.cl\/?p=2917"},"modified":"2021-11-08T22:42:57","modified_gmt":"2021-11-09T01:42:57","slug":"seleccionados-regionales-de-natacion-competiran-en-los-juegos-de-la-araucania","status":"publish","type":"post","link":"https:\/\/www.semanariolocal.cl\/?p=2917","title":{"rendered":"Seleccionados regionales de nataci\u00f3n competir\u00e1n en los Juegos de la Araucan\u00eda"},"content":{"rendered":"\n<p style=\"font-size:17px\">Deportistas de Puerto Varas, Puerto Montt y Castro representar\u00e1n a la regi\u00f3n en los Juegos de la Araucan\u00eda en la disciplina de nataci\u00f3n, que se realizar\u00e1n hasta el jueves 11 de noviembre en el Polideportivo Rufino Bernedo en Temuco.<\/p>\n\n\n\n<p style=\"font-size:17px\">En varones, la selecci\u00f3n regional est\u00e1 conformada por Mateo y An\u00edbal Barraza de Puerto Varas; Benjam\u00edn Almonacid y Nicol\u00e1s Az\u00f3car de Puerto Montt; Benjam\u00edn Lewin y Arturo Cerda de Castro.<\/p>\n\n\n\n<p style=\"font-size:17px\">Mientras que en damas competir\u00e1n Rafaela Capo, Constanza C\u00f3rdova, Valentina Canales, Matilde Klein y Evelin Karlsen de Puerto Varas y Pilar Cerda de Castro.<\/p>\n\n\n\n<p style=\"font-size:17px\">El Seremi del Deporte, Claus Lindemann, despidi\u00f3 a la delegaci\u00f3n junto al Director Regional del IND, Matias Bahamonde, se\u00f1alando que \u201cnuestros deportistas de la regi\u00f3n ya se encuentran en Temuco para competir en la disciplina nataci\u00f3n y junto al Director Regional del IND, estuvimos acompa\u00f1\u00e1ndolos previo al viaje y dese\u00e1ndoles el mayor de los \u00e9xitos en esta cita deportiva\u201d.<\/p>\n","protected":false},"excerpt":{"rendered":"<p>Este certamen reunir\u00e1 a j\u00f3venes de 15 a 19 a\u00f1os de las regiones chilenas de \u00d1uble, B\u00edo B\u00edo, Araucan\u00eda, Los R\u00edos, Los Lagos, Ays\u00e9n y Magallanes.<\/p>\n","protected":false},"author":1,"featured_media":2918,"comment_status":"closed","ping_status":"closed","sticky":false,"template":"","format":"standard","meta":{"footnotes":""},"categories":[3],"tags":[],"class_list":["post-2917","post","type-post","status-publish","format-standard","has-post-thumbnail","hentry","category-al-dia"],"_links":{"self":[{"href":"https:\/\/www.semanariolocal.cl\/index.php?rest_route=\/wp\/v2\/posts\/2917","targetHints":{"allow":["GET"]}}],"collection":[{"href":"https:\/\/www.semanariolocal.cl\/index.php?rest_route=\/wp\/v2\/posts"}],"about":[{"href":"https:\/\/www.semanariolocal.cl\/index.php?rest_route=\/wp\/v2\/types\/post"}],"author":[{"embeddable":true,"href":"https:\/\/www.semanariolocal.cl\/index.php?rest_route=\/wp\/v2\/users\/1"}],"replies":[{"embeddable":true,"href":"https:\/\/www.semanariolocal.cl\/index.php?rest_route=%2Fwp%2Fv2%2Fcomments&post=2917"}],"version-history":[{"count":1,"href":"https:\/\/www.semanariolocal.cl\/index.php?rest_route=\/wp\/v2\/posts\/2917\/revisions"}],"predecessor-version":[{"id":2919,"href":"https:\/\/www.semanariolocal.cl\/index.php?rest_route=\/wp\/v2\/posts\/2917\/revisions\/2919"}],"wp:featuredmedia":[{"embeddable":true,"href":"https:\/\/www.semanariolocal.cl\/index.php?rest_route=\/wp\/v2\/media\/2918"}],"wp:attachment":[{"href":"https:\/\/www.semanariolocal.cl\/index.php?rest_route=%2Fwp%2Fv2%2Fmedia&parent=2917"}],"wp:term":[{"taxonomy":"category","embeddable":true,"href":"https:\/\/www.semanariolocal.cl\/index.php?rest_route=%2Fwp%2Fv2%2Fcategories&post=2917"},{"taxonomy":"post_tag","embeddable":true,"href":"https:\/\/www.semanariolocal.cl\/index.php?rest_route=%2Fwp%2Fv2%2Ftags&post=2917"}],"curies":[{"name":"wp","href":"https:\/\/api.w.org\/{rel}","templated":true}]}}