{"id":2911,"date":"2021-11-09T07:05:00","date_gmt":"2021-11-09T10:05:00","guid":{"rendered":"https:\/\/www.semanariolocal.cl\/?p=2911"},"modified":"2021-11-08T22:29:25","modified_gmt":"2021-11-09T01:29:25","slug":"abiertas-inscripciones-para-competencia-folclorica-nacional-del-festival-de-la-leche-y-la-carne","status":"publish","type":"post","link":"https:\/\/www.semanariolocal.cl\/?p=2911","title":{"rendered":"Abiertas inscripciones para competencia Folcl\u00f3rica Nacional del Festival de la Leche y la Carne"},"content":{"rendered":"\n<p style=\"font-size:17px\">El presidente de la Corporaci\u00f3n Cultural y alcalde de Osorno, Emeterio Carrillo, inform\u00f3 que se abrieron las postulaciones para participar en la Competencia Folcl\u00f3rica Nacional del Festival Osorno de la Leche y la Carne, a desarrollarse el 28 y 29 de enero del 2022.<\/p>\n\n\n\n<p style=\"font-size:17px\">La invitaci\u00f3n fue extensiva a autores y compositores de canciones de ra\u00edz folcl\u00f3rica chilena, de todo el pa\u00eds, instancia que busca estimular la creaci\u00f3n de temas in\u00e9ditos, y con ello fomentar el desarrollo del folclor entre las nuevas generaciones.<\/p>\n\n\n\n<p style=\"font-size:17px\">Se inform\u00f3 que el a\u00f1o 2020 presentaron en total 78 sobres con composiciones originales, cuyas tem\u00e1ticas abordaban las costumbres, tradiciones, historias y leyendas de nuestra tierra, tanto del campo como de la ciudad, inspiradas en ra\u00edces musicales, estilos y ritmos de las diferentes zonas de nuestro pa\u00eds, <em>\u201cmisma realidad que esperamos convocar en la presente competencia\u201d<\/em>, dijo la Presidenta de la Corporaci\u00f3n Cultural de Osorno, Rosana Fa\u00fandez.<\/p>\n\n\n\n<p style=\"font-size:17px\">De entre todos los participantes, el jurado elegir\u00e1 seis temas en total, los que disputar\u00e1n el primer; segundo y tercer puesto durante el propio Festival Osorno, que en enero pr\u00f3ximo sumar\u00e1 diecis\u00e9is a\u00f1os de trayectoria.<\/p>\n\n\n\n<p style=\"font-size:17px\">Respecto al show, Carrillo dijo que junto a la Comisi\u00f3n Organizadora, que la componen concejales y profesionales de la Corporaci\u00f3n Cultural de Osorno, entre otros, se definir\u00e1 en los pr\u00f3ximos d\u00edas a los artistas estelares invitados, as\u00ed como todo detalle que rodea tan importante actividad, \u201c<em>la cual se enfocar\u00e1 en la idea de potenciar el trabajo de m\u00fasicos regionales, tal cual ocurri\u00f3 el 2020, previo al inicio de la Pandemia<\/em>\u201d.<\/p>\n\n\n\n<p style=\"font-size:17px\">Las postulaciones a la Competencia Folcl\u00f3rica Nacional del Festival Osorno 2022 estar\u00e1n abiertas hasta el mi\u00e9rcoles 15 de diciembre del a\u00f1o en curso, mientras que los interesados pueden descargar las bases en <a href=\"about:blank\">www.municipalidadosorno.cl<\/a><\/p>\n","protected":false},"excerpt":{"rendered":"<p>El presidente de la Corporaci\u00f3n Cultural y alcalde de Osorno, Emeterio Carrillo, inform\u00f3 que se abrieron las postulaciones para participar en la Competencia Folcl\u00f3rica Nacional del Festival Osorno de la Leche y la Carne, a desarrollarse el 28 y 29 de enero del 2022. La invitaci\u00f3n fue extensiva a autores y compositores de canciones de&#8230;<a class=\"btnReadMore\" href=\"https:\/\/www.semanariolocal.cl\/?p=2911\"> Leer M\u00e1s<\/a><\/p>\n","protected":false},"author":1,"featured_media":2912,"comment_status":"closed","ping_status":"closed","sticky":false,"template":"","format":"standard","meta":{"footnotes":""},"categories":[3],"tags":[],"class_list":["post-2911","post","type-post","status-publish","format-standard","has-post-thumbnail","hentry","category-al-dia"],"_links":{"self":[{"href":"https:\/\/www.semanariolocal.cl\/index.php?rest_route=\/wp\/v2\/posts\/2911","targetHints":{"allow":["GET"]}}],"collection":[{"href":"https:\/\/www.semanariolocal.cl\/index.php?rest_route=\/wp\/v2\/posts"}],"about":[{"href":"https:\/\/www.semanariolocal.cl\/index.php?rest_route=\/wp\/v2\/types\/post"}],"author":[{"embeddable":true,"href":"https:\/\/www.semanariolocal.cl\/index.php?rest_route=\/wp\/v2\/users\/1"}],"replies":[{"embeddable":true,"href":"https:\/\/www.semanariolocal.cl\/index.php?rest_route=%2Fwp%2Fv2%2Fcomments&post=2911"}],"version-history":[{"count":1,"href":"https:\/\/www.semanariolocal.cl\/index.php?rest_route=\/wp\/v2\/posts\/2911\/revisions"}],"predecessor-version":[{"id":2913,"href":"https:\/\/www.semanariolocal.cl\/index.php?rest_route=\/wp\/v2\/posts\/2911\/revisions\/2913"}],"wp:featuredmedia":[{"embeddable":true,"href":"https:\/\/www.semanariolocal.cl\/index.php?rest_route=\/wp\/v2\/media\/2912"}],"wp:attachment":[{"href":"https:\/\/www.semanariolocal.cl\/index.php?rest_route=%2Fwp%2Fv2%2Fmedia&parent=2911"}],"wp:term":[{"taxonomy":"category","embeddable":true,"href":"https:\/\/www.semanariolocal.cl\/index.php?rest_route=%2Fwp%2Fv2%2Fcategories&post=2911"},{"taxonomy":"post_tag","embeddable":true,"href":"https:\/\/www.semanariolocal.cl\/index.php?rest_route=%2Fwp%2Fv2%2Ftags&post=2911"}],"curies":[{"name":"wp","href":"https:\/\/api.w.org\/{rel}","templated":true}]}}