{"id":2908,"date":"2021-11-09T07:00:00","date_gmt":"2021-11-09T10:00:00","guid":{"rendered":"https:\/\/www.semanariolocal.cl\/?p=2908"},"modified":"2021-11-08T22:24:27","modified_gmt":"2021-11-09T01:24:27","slug":"gore-lanza-programa-para-reactivacion-economica-de-micro-y-pequenas-empresas","status":"publish","type":"post","link":"https:\/\/www.semanariolocal.cl\/?p=2908","title":{"rendered":"GORE lanza programa para reactivaci\u00f3n econ\u00f3mica de micro y peque\u00f1as empresas"},"content":{"rendered":"\n<p style=\"font-size:17px\">Este lunes, en dependencias del Gobierno Regional de Los Lagos, se lanz\u00f3 el programa Los Lagos con la Microempresa, Segunda Convocatoria 2021. Se trata de un subsidio no reembolsable fijo de $2 millones, que busca reactivar la actividad econ\u00f3mica de peque\u00f1os emprendedores y micro empresas.<\/p>\n\n\n\n<p style=\"font-size:17px\">El gobernador regional, Patricio Vallespin, explic\u00f3 que \u201cse asignaron cerca de $800 millones para que los microempresarios puedan postular al programa, ya se hizo la primera parte donde se asignaron $580 millones a emprendedores que tuvieron experiencias exitosas. Ahora, hemos reabierto este programa para entregar $240 millones en un segundo llamado que se est\u00e1 trabajando con la Universidad de La Frontera, a trav\u00e9s de la Fundaci\u00f3n Fudea y queremos que 120 emprendedores nuevos se vean beneficiados en las diferentes provincias\u201d.<\/p>\n\n\n\n<p style=\"font-size:17px\">Daniela Mansilla, beneficiaria del primer llamado de este programa y representante de Ecopura, comenta que \u201ccon los fondos pudimos invertir en materia prima, trabajamos con materiales 100% sustentables con un trabajo hecho a mano\u201d. Por su parte, Hern\u00e1n Contreras, creador del emprendimiento Don C\u00e1scara explic\u00f3 que \u201cnos empez\u00f3 a ir bien, diversificamos nuestro trabajo y productos. Para m\u00ed la ayuda fue significativa porque est\u00e1bamos bastante apaleados con toda la situaci\u00f3n pa\u00eds, estamos d\u00e1ndole y le ponemos toda la fuerza, el amor y el cari\u00f1o que se ve demostrado.<\/p>\n\n\n\n<p style=\"font-size:17px\">Fernando Hern\u00e1ndez, presidente de la comisi\u00f3n de Fomento Productivo del Consejo Regional, agreg\u00f3 que \u201ces un gusto ver a los emprendedores cuando ya muestran resultados, despu\u00e9s que se entregan estos fondos. Recursos que se trabajaron junto a varios integrantes de la comisi\u00f3n. Esto nos insta a seguir apoyando a los emprendedores y microempresas que cuando tienen los recursos pueden mejorar sus productos y por tanto las ventas\u201d.<\/p>\n\n\n\n<p style=\"font-size:17px\">A este programa pueden postular empresas que tributen en primera categor\u00eda con ventas hasta las 2.400 UF. Se financian activos fijos que corresponde a la adquisici\u00f3n de bienes necesarios para el negocio que se utilizan directa o indirectamente en el proceso de producci\u00f3n y tambi\u00e9n se puede costear el capital de trabajo, es decir, materias primas y materiales, mercader\u00eda, pago de arriendos, remuneraciones y pago de servicios b\u00e1sicos.<\/p>\n\n\n\n<p style=\"font-size:17px\">La convocatoria est\u00e1 abierta mediante la metodolog\u00eda de \u201cventanilla abierta\u201d hasta agotar los recursos disponibles y beneficiar\u00e1 a habitantes de las provincias de Osorno, Llanquihue y Chilo\u00e9, en el caso de la provincia de Palena ya ejecut\u00f3 todos sus recursos asociados al convenio durante el primer llamado. La postulaci\u00f3n al programa ser\u00e1 a trav\u00e9s del env\u00edo de los antecedentes se\u00f1alados en las bases al correo electr\u00f3nico&nbsp;<a href=\"mailto:microempresaloslagos@ufrontera.cl\" target=\"_blank\" rel=\"noreferrer noopener\">microempresaloslagos@ufrontera.cl<\/a>&nbsp;desde este lunes 8 de noviembre de 2021. La informaci\u00f3n y bases estar\u00e1n disponibles en&nbsp;<a href=\"http:\/\/www.goreloslagos.cl\/\" target=\"_blank\" rel=\"noreferrer noopener\">www.goreloslagos.cl<\/a>&nbsp;y&nbsp;<a href=\"http:\/\/www.fudeaufro.cl\/\" target=\"_blank\" rel=\"noreferrer noopener\">www.fudeaufro.cl<\/a>.<\/p>\n","protected":false},"excerpt":{"rendered":"<p>Este lunes, en dependencias del Gobierno Regional de Los Lagos, se lanz\u00f3 el programa Los Lagos con la Microempresa, Segunda Convocatoria 2021. Se trata de un subsidio no reembolsable fijo de $2 millones, que busca reactivar la actividad econ\u00f3mica de peque\u00f1os emprendedores y micro empresas. El gobernador regional, Patricio Vallespin, explic\u00f3 que \u201cse asignaron cerca&#8230;<a class=\"btnReadMore\" href=\"https:\/\/www.semanariolocal.cl\/?p=2908\"> Leer M\u00e1s<\/a><\/p>\n","protected":false},"author":1,"featured_media":2909,"comment_status":"closed","ping_status":"closed","sticky":false,"template":"","format":"standard","meta":{"footnotes":""},"categories":[3,9],"tags":[],"class_list":["post-2908","post","type-post","status-publish","format-standard","has-post-thumbnail","hentry","category-al-dia","category-gobierno"],"_links":{"self":[{"href":"https:\/\/www.semanariolocal.cl\/index.php?rest_route=\/wp\/v2\/posts\/2908","targetHints":{"allow":["GET"]}}],"collection":[{"href":"https:\/\/www.semanariolocal.cl\/index.php?rest_route=\/wp\/v2\/posts"}],"about":[{"href":"https:\/\/www.semanariolocal.cl\/index.php?rest_route=\/wp\/v2\/types\/post"}],"author":[{"embeddable":true,"href":"https:\/\/www.semanariolocal.cl\/index.php?rest_route=\/wp\/v2\/users\/1"}],"replies":[{"embeddable":true,"href":"https:\/\/www.semanariolocal.cl\/index.php?rest_route=%2Fwp%2Fv2%2Fcomments&post=2908"}],"version-history":[{"count":1,"href":"https:\/\/www.semanariolocal.cl\/index.php?rest_route=\/wp\/v2\/posts\/2908\/revisions"}],"predecessor-version":[{"id":2910,"href":"https:\/\/www.semanariolocal.cl\/index.php?rest_route=\/wp\/v2\/posts\/2908\/revisions\/2910"}],"wp:featuredmedia":[{"embeddable":true,"href":"https:\/\/www.semanariolocal.cl\/index.php?rest_route=\/wp\/v2\/media\/2909"}],"wp:attachment":[{"href":"https:\/\/www.semanariolocal.cl\/index.php?rest_route=%2Fwp%2Fv2%2Fmedia&parent=2908"}],"wp:term":[{"taxonomy":"category","embeddable":true,"href":"https:\/\/www.semanariolocal.cl\/index.php?rest_route=%2Fwp%2Fv2%2Fcategories&post=2908"},{"taxonomy":"post_tag","embeddable":true,"href":"https:\/\/www.semanariolocal.cl\/index.php?rest_route=%2Fwp%2Fv2%2Ftags&post=2908"}],"curies":[{"name":"wp","href":"https:\/\/api.w.org\/{rel}","templated":true}]}}