{"id":29060,"date":"2025-05-30T16:30:00","date_gmt":"2025-05-30T20:30:00","guid":{"rendered":"https:\/\/www.semanariolocal.cl\/?p=29060"},"modified":"2025-05-30T17:04:57","modified_gmt":"2025-05-30T21:04:57","slug":"exportaciones-de-avellana-europea-se-diversifican-con-nuevos-envios-al-extranjero","status":"publish","type":"post","link":"https:\/\/www.semanariolocal.cl\/?p=29060","title":{"rendered":"Exportaciones de avellana europea se diversifican con nuevos env\u00edos al extranjero"},"content":{"rendered":"\n<p><strong><mark style=\"background-color:#abb8c3\" class=\"has-inline-color has-white-color\">30 de Mayo del 2025.-<\/mark> <\/strong> A la fecha, el Servicio Agr\u00edcola y Ganadero (SAG) regi\u00f3n de Los Lagos ha certificado el env\u00edo de 250 mil kilos de avellana europea. La temporada comenz\u00f3 en marzo y se extender\u00e1 hasta octubre. <\/p>\n\n\n<div class=\"wp-block-image\">\n<figure class=\"alignleft size-large is-resized\"><img loading=\"lazy\" decoding=\"async\" width=\"463\" height=\"600\" src=\"https:\/\/www.semanariolocal.cl\/wp-content\/uploads\/2025\/05\/avellano2-463x600.jpg\" alt=\"\" class=\"wp-image-29062\" style=\"width:320px;height:auto\" srcset=\"https:\/\/www.semanariolocal.cl\/wp-content\/uploads\/2025\/05\/avellano2-463x600.jpg 463w, https:\/\/www.semanariolocal.cl\/wp-content\/uploads\/2025\/05\/avellano2-231x300.jpg 231w, https:\/\/www.semanariolocal.cl\/wp-content\/uploads\/2025\/05\/avellano2-768x996.jpg 768w, https:\/\/www.semanariolocal.cl\/wp-content\/uploads\/2025\/05\/avellano2.jpg 800w\" sizes=\"auto, (max-width: 463px) 100vw, 463px\" \/><\/figure>\n<\/div>\n\n\n<p>\u201cSe trata de un fruto con m\u00faltiples usos industriales lo que ha favorecido su posicionamiento en mercados extranjeros. Es un producto que se cultiva mayoritariamente en la provincia de Osorno, y es exportado principalmente a Europa, donde se utiliza en la fabricaci\u00f3n de chocolates, harinas, aceites, aromas, y tambi\u00e9n snack\u201d, explic\u00f3 Francisco Briones, Director Regional del SAG Los Lagos.<\/p>\n\n\n\n<p>Una de las empresas destacadas en esta \u00e1rea es Nefuen Trading Chile SpA. Su gerente general, Pablo Ureta Edwards, inform\u00f3 que, recientemente la empresa ha incursionado en nuevos mercados. A fines de 2024, enviaron 18.000 kg de la variedad Dorris y 2.000 kg de Yamhill a Australia. A comienzos de 2025, exportaron adem\u00e1s 5.730 kg de avellanas Sacajawea y Mac Donald como partida de prueba a Vietnam, en Asia. Para la temporada 2025, la empresa proyecta procesar m\u00e1s de 2.000 toneladas de avellanas europeas, siendo los principales destinos Alemania, Espa\u00f1a e Italia.<\/p>\n\n\n\n<p><strong>Huertos<\/strong><\/p>\n\n\n\n<p>Los huertos de avellano europeo son un rubro emergente en el sur del pa\u00eds.&nbsp;En la regi\u00f3n de Los Lagos, la actividad comenz\u00f3 de manera incipiente el a\u00f1o 2018 y ha crecido significativamente en superficie plantada. Seg\u00fan datos del Catastro Frut\u00edcola, la regi\u00f3n cuenta con 1.412 hect\u00e1reas, distribuidas principalmente en las comunas de Puyehue, San Pablo, Puerto Octay, R\u00edo Negro y Osorno. Tambi\u00e9n existen huertos en la provincia de Llanquihue (comunas de Frutillar y Llanquihue).<\/p>\n\n\n\n<p>\u201cEl crecimiento en la exportaci\u00f3n de avellana europea responde a una combinaci\u00f3n de factores. Por un lado, hay demanda internacional; y por otro, la regi\u00f3n posee caracter\u00edsticas clim\u00e1ticas y suelos que propician el desarrollo de este rubro\u201d, enfatiz\u00f3 Briones. Asimismo, la autoridad regional valor\u00f3 el compromiso de los productores locales por consolidar este rubro como una alternativa dentro de la agroindustria regional\u201d.<\/p>\n\n\n\n<p>El SAG cumple un rol clave en el proceso de exportaci\u00f3n, al realizar la inspecci\u00f3n fitosanitaria del producto antes de su despacho, verificando que cumpla con los requisitos establecidos por los mercados de destino tales como la ausencia de plagas, embalaje, etiquetado, entre otros.<\/p>\n","protected":false},"excerpt":{"rendered":"<p>Este fruto se exporta a diferentes mercados para ser utilizado en la industria del chocolate, un sector que privilegia calidad, tama\u00f1o, y est\u00e1ndar sanitario.<\/p>\n","protected":false},"author":1,"featured_media":29061,"comment_status":"closed","ping_status":"closed","sticky":false,"template":"","format":"standard","meta":{"footnotes":""},"categories":[20,3,4136,4139,3846,4137],"tags":[2118,337,273,247,3276,1828,133],"class_list":["post-29060","post","type-post","status-publish","format-standard","has-post-thumbnail","hentry","category-agro","category-al-dia","category-comercio","category-exportaciones","category-industria-agricola","category-mercados","tag-semanariolocal","tag-informacion","tag-noticias","tag-region-de-los-lagos","tag-sag-chile","tag-sag-los-lagos","tag-semanario-local"],"_links":{"self":[{"href":"https:\/\/www.semanariolocal.cl\/index.php?rest_route=\/wp\/v2\/posts\/29060","targetHints":{"allow":["GET"]}}],"collection":[{"href":"https:\/\/www.semanariolocal.cl\/index.php?rest_route=\/wp\/v2\/posts"}],"about":[{"href":"https:\/\/www.semanariolocal.cl\/index.php?rest_route=\/wp\/v2\/types\/post"}],"author":[{"embeddable":true,"href":"https:\/\/www.semanariolocal.cl\/index.php?rest_route=\/wp\/v2\/users\/1"}],"replies":[{"embeddable":true,"href":"https:\/\/www.semanariolocal.cl\/index.php?rest_route=%2Fwp%2Fv2%2Fcomments&post=29060"}],"version-history":[{"count":2,"href":"https:\/\/www.semanariolocal.cl\/index.php?rest_route=\/wp\/v2\/posts\/29060\/revisions"}],"predecessor-version":[{"id":29064,"href":"https:\/\/www.semanariolocal.cl\/index.php?rest_route=\/wp\/v2\/posts\/29060\/revisions\/29064"}],"wp:featuredmedia":[{"embeddable":true,"href":"https:\/\/www.semanariolocal.cl\/index.php?rest_route=\/wp\/v2\/media\/29061"}],"wp:attachment":[{"href":"https:\/\/www.semanariolocal.cl\/index.php?rest_route=%2Fwp%2Fv2%2Fmedia&parent=29060"}],"wp:term":[{"taxonomy":"category","embeddable":true,"href":"https:\/\/www.semanariolocal.cl\/index.php?rest_route=%2Fwp%2Fv2%2Fcategories&post=29060"},{"taxonomy":"post_tag","embeddable":true,"href":"https:\/\/www.semanariolocal.cl\/index.php?rest_route=%2Fwp%2Fv2%2Ftags&post=29060"}],"curies":[{"name":"wp","href":"https:\/\/api.w.org\/{rel}","templated":true}]}}