{"id":29033,"date":"2025-05-28T08:10:00","date_gmt":"2025-05-28T12:10:00","guid":{"rendered":"https:\/\/www.semanariolocal.cl\/?p=29033"},"modified":"2025-05-28T19:34:43","modified_gmt":"2025-05-28T23:34:43","slug":"uso-de-licencias-medicas-perspectiva-academica-integral-sobre-un-debate-nacional-urgente","status":"publish","type":"post","link":"https:\/\/www.semanariolocal.cl\/?p=29033","title":{"rendered":"Uso de Licencias M\u00e9dicas: Perspectiva acad\u00e9mica integral sobre un debate nacional urgente"},"content":{"rendered":"\n<p><strong><mark style=\"background-color:#abb8c3\" class=\"has-inline-color has-white-color\">28 de Mayo del 2025.-<\/mark><\/strong> Sin embargo, su uso ha sido objeto de creciente escrutinio p\u00fablico y preocupaci\u00f3n, y su creciente utilizaci\u00f3n y los debates en torno a su posible uso indebido o fraudulento han generado una tensi\u00f3n palpable. Datos recientes sugieren un aumento sostenido en su emisi\u00f3n, que, si bien puede atribuirse a una mayor conciencia sobre salud mental o al envejecimiento poblacional, tambi\u00e9n genera inquietudes.<\/p>\n\n\n\n<p>Es crucial analizar este escenario desde diversas \u00f3pticas:<\/p>\n\n\n\n<ul class=\"wp-block-list\">\n<li><strong>Salud P\u00fablica:<\/strong>\u00a0Es indispensable evaluar si el aumento se correlaciona con un deterioro real de la salud y analizar el impacto en la continuidad de tratamientos y rehabilitaci\u00f3n.<\/li>\n\n\n\n<li><strong>Econom\u00eda y productividad:<\/strong>\u00a0El ausentismo tiene un impacto directo, y es necesario conciliar el derecho a la salud con la sostenibilidad econ\u00f3mica.<\/li>\n\n\n\n<li><strong>La carga sobre el trabajador:<\/strong>\u00a0Un aspecto cr\u00edtico es la responsabilidad financiera que recae sobre el trabajador durante los primeros d\u00edas. Debemos partir de la premisa de que nadie\u00a0<em>desea<\/em>\u00a0estar enfermo. El sistema actual, al cargar estos d\u00edas al trabajador, puede generar presi\u00f3n indebida para trabajar enfermo o enfrentar dificultades econ\u00f3micas. Es imperativo evaluar alternativas que no penalicen la enfermedad.<\/li>\n\n\n\n<li><strong>Desaf\u00edos sectoriales:<\/strong>\u00a0En educaci\u00f3n y otros servicios p\u00fablicos, la dificultad para contratar reemplazos en licencias menores a 12 d\u00edas genera externalidades negativas, sobrecargando al personal y afectando la calidad del servicio. Esto evidencia la necesidad de un enfoque intersectorial y regulaciones m\u00e1s flexibles.<\/li>\n\n\n\n<li><strong>Fiscalizaci\u00f3n vs. Criterio Cl\u00ednico:<\/strong>\u00a0La reducci\u00f3n unilateral de d\u00edas de licencia por parte de entes fiscalizadores puede ser percibida como una desvalorizaci\u00f3n de la evaluaci\u00f3n cl\u00ednica y la autonom\u00eda profesional. Si bien la fiscalizaci\u00f3n es vital, se debe buscar un equilibrio que respete el juicio experto mediante mejores protocolos y di\u00e1logo.<\/li>\n\n\n\n<li><strong>\u00c9tica Profesional y Colegios Profesionales:<\/strong>\u00a0Hist\u00f3ricamente, los colegios profesionales han jugado un rol vital en la promoci\u00f3n de la \u00e9tica. La percepci\u00f3n de una disminuci\u00f3n en esta \u00abtuici\u00f3n \u00e9tica\u00bb es relevante. Fortalecer estas entidades podr\u00eda restaurar la confianza y asegurar altos est\u00e1ndares.<\/li>\n\n\n\n<li><strong>Cultura y Comportamiento Social:<\/strong>\u00a0Es pertinente investigar las percepciones y actitudes sociales y si existe una cultura de uso responsable.<\/li>\n<\/ul>\n\n\n\n<p><strong>Tecnolog\u00eda: Avances, Control y Dilemas<\/strong><\/p>\n\n\n\n<p>Reconocemos que la incorporaci\u00f3n de sistemas digitales y biometr\u00eda ha sido una contribuci\u00f3n significativa a la transparencia y al control del fraude. Sin embargo, propuestas como compartir informaci\u00f3n sobre el lugar de reposo con servicios de transporte, si bien buscan abordar el abuso, abren un debate profundo sobre privacidad y protecci\u00f3n de datos. Es imperativo sopesar estas medidas cuidadosamente, asegurando que la tecnolog\u00eda sea una aliada \u00e9tica y respetuosa.<\/p>\n\n\n\n<p>M\u00e1s all\u00e1 de los ajustes normativos, el debate nos enfrenta a una \u00abenfermedad social\u00bb m\u00e1s profunda: la erosi\u00f3n de la \u00e9tica individual y colectiva. La honestidad y el bien com\u00fan parecen valores en retirada. La soluci\u00f3n a largo plazo reside en una reconstrucci\u00f3n del tejido social basada en valores s\u00f3lidos. Esta es una tarea de toda la sociedad: familias, sistema educativo, empresas, gremios y Estado. Debemos fomentar una cultura de integridad para construir una sociedad m\u00e1s justa y humana.<\/p>\n\n\n\n<p>Como academia, reiteramos la importancia de abordar este tema desde una perspectiva integral, con el compromiso de fomentar un debate informado y constructivo, lo que implica:&nbsp;<strong>Generar investigaci\u00f3n, formar profesionales y promover el di\u00e1logo<\/strong>.<\/p>\n\n\n\n<p>El debate sobre las licencias m\u00e9dicas es complejo y requiere un abordaje serio. Es imperativo encontrar un equilibrio que proteja la salud sin comprometer el desarrollo. El camino hacia un sistema m\u00e1s justo es un reflejo del camino hacia una sociedad que aspira a evolucionar hacia lo val\u00f3rico. Es un desaf\u00edo ineludible que debemos abordar con seriedad, empat\u00eda y visi\u00f3n de futuro, donde la comunicaci\u00f3n efectiva y transparente ser\u00e1 clave.<\/p>\n\n\n\n<p><strong>Dr. Camilo Garc\u00eda de la Barra<\/strong> &#8211; <strong>Director carrera Medicina U. Andr\u00e9s Bello, sede Vi\u00f1a del Mar<\/strong><\/p>\n","protected":false},"excerpt":{"rendered":"<p>Las licencias m\u00e9dicas son, ante todo, un derecho laboral fundamental, dise\u00f1ado para salvaguardar la salud y el bienestar de los trabajadores, permiti\u00e9ndoles ausentarse de sus labores para su recuperaci\u00f3n sin menoscabo de sus ingresos. <\/p>\n","protected":false},"author":1,"featured_media":29034,"comment_status":"closed","ping_status":"closed","sticky":false,"template":"","format":"standard","meta":{"footnotes":""},"categories":[3302,3,3608,9,7,2484],"tags":[2298,2118,4325,337,3787,607,273,247,133],"class_list":["post-29033","post","type-post","status-publish","format-standard","has-post-thumbnail","hentry","category-academia","category-al-dia","category-estado","category-gobierno","category-opinion","category-salud","tag-nacional-2","tag-semanariolocal","tag-dr-camilo-garcia-de-la-barra","tag-informacion","tag-licencias-medicas","tag-nacional","tag-noticias","tag-region-de-los-lagos","tag-semanario-local"],"_links":{"self":[{"href":"https:\/\/www.semanariolocal.cl\/index.php?rest_route=\/wp\/v2\/posts\/29033","targetHints":{"allow":["GET"]}}],"collection":[{"href":"https:\/\/www.semanariolocal.cl\/index.php?rest_route=\/wp\/v2\/posts"}],"about":[{"href":"https:\/\/www.semanariolocal.cl\/index.php?rest_route=\/wp\/v2\/types\/post"}],"author":[{"embeddable":true,"href":"https:\/\/www.semanariolocal.cl\/index.php?rest_route=\/wp\/v2\/users\/1"}],"replies":[{"embeddable":true,"href":"https:\/\/www.semanariolocal.cl\/index.php?rest_route=%2Fwp%2Fv2%2Fcomments&post=29033"}],"version-history":[{"count":1,"href":"https:\/\/www.semanariolocal.cl\/index.php?rest_route=\/wp\/v2\/posts\/29033\/revisions"}],"predecessor-version":[{"id":29035,"href":"https:\/\/www.semanariolocal.cl\/index.php?rest_route=\/wp\/v2\/posts\/29033\/revisions\/29035"}],"wp:featuredmedia":[{"embeddable":true,"href":"https:\/\/www.semanariolocal.cl\/index.php?rest_route=\/wp\/v2\/media\/29034"}],"wp:attachment":[{"href":"https:\/\/www.semanariolocal.cl\/index.php?rest_route=%2Fwp%2Fv2%2Fmedia&parent=29033"}],"wp:term":[{"taxonomy":"category","embeddable":true,"href":"https:\/\/www.semanariolocal.cl\/index.php?rest_route=%2Fwp%2Fv2%2Fcategories&post=29033"},{"taxonomy":"post_tag","embeddable":true,"href":"https:\/\/www.semanariolocal.cl\/index.php?rest_route=%2Fwp%2Fv2%2Ftags&post=29033"}],"curies":[{"name":"wp","href":"https:\/\/api.w.org\/{rel}","templated":true}]}}