{"id":28956,"date":"2025-05-26T08:30:00","date_gmt":"2025-05-26T12:30:00","guid":{"rendered":"https:\/\/www.semanariolocal.cl\/?p=28956"},"modified":"2025-05-26T13:36:09","modified_gmt":"2025-05-26T17:36:09","slug":"diputado-barria-pide-anular-recorte-presupuestario-para-tras-paso-de-tornado-en-puerto-varas","status":"publish","type":"post","link":"https:\/\/www.semanariolocal.cl\/?p=28956","title":{"rendered":"Diputado Barr\u00eda pide anular recorte presupuestario por tornado en Puerto Varas."},"content":{"rendered":"\n<p><strong><mark style=\"background-color:#abb8c3\" class=\"has-inline-color has-white-color\">26 de Mayo del 2025.-<\/mark><\/strong> Luego del inusual tornado que azot\u00f3 recientemente a la ciudad de Puerto Varas, el diputado por la Regi\u00f3n de Los Lagos, H\u00e9ctor Barr\u00eda, hizo un llamado urgente al Gobierno para dejar sin efecto el recorte presupuestario regional, argumentando la necesidad de contar con todos los recursos disponibles para afrontar las labores de reconstrucci\u00f3n.<\/p>\n\n\n\n<p><em>\u201c<strong>Se debe dejar sin efecto el recorte presupuestario en la Regi\u00f3n de Los Lagos. La regi\u00f3n necesita recursos para reconstruir Puerto Varas tras el tornado<\/strong>\u201d,<\/em>&nbsp;afirm\u00f3 el parlamentario, subrayando que el decreto que reduce en aproximadamente un 3% el presupuesto del Gobierno Regional representa una amenaza directa para los esfuerzos de recuperaci\u00f3n.<\/p>\n\n\n\n<p>Barr\u00eda indic\u00f3 que ha sostenido reuniones con el alcalde de Puerto Varas, Tom\u00e1s G\u00e1rate, el gobernador regional Alejandro Santana, dirigentes sociales y autoridades locales, entre ellos el concejal Rodrigo Schnetler, con quienes coincidi\u00f3 en la necesidad de que se revierta esta medida.<\/p>\n\n\n\n<p>\u201cEl recorte representa cerca de&nbsp;<strong>3.000 millones de pesos o m\u00e1s<\/strong>, recursos que hoy son fundamentales para solucionar problemas&nbsp;<strong>habitacionales, comerciales e infraestructurales<\/strong>. La emergencia no puede esperar\u201d, agreg\u00f3 el diputado, quien ha estado presente en terreno junto a su equipo de trabajo.<\/p>\n\n\n\n<p>Adem\u00e1s, el legislador expres\u00f3 su esperanza de que la&nbsp;<strong>visita del presidente Gabriel Boric<\/strong>&nbsp;a la zona contemple el anuncio de la&nbsp;<strong>revocaci\u00f3n del decreto<\/strong>&nbsp;de recorte, y que el Ejecutivo comprenda la magnitud del desastre que enfrentan cientos de familias y peque\u00f1os comerciantes afectados.<\/p>\n\n\n\n<p><strong><em>\u201cEsperamos que el Presidente escuche a la regi\u00f3n. No es momento para ajustes, sino para actuar con sentido de urgencia y compromiso con la ciudadan\u00eda afectada\u201d,<\/em><\/strong>&nbsp;concluy\u00f3 Barr\u00eda.<\/p>\n\n\n\n<p>La situaci\u00f3n en Puerto Varas contin\u00faa siendo cr\u00edtica, y los esfuerzos de reconstrucci\u00f3n dependen en gran medida de decisiones que deben tomarse desde el nivel central con celeridad y responsabilidad.<\/p>\n","protected":false},"excerpt":{"rendered":"<p>Parlamentario solicita al Gobierno dejar sin efecto la medida y redestinar recursos a la reconstrucci\u00f3n habitacional y comercial en zonas afectadas.<\/p>\n","protected":false},"author":1,"featured_media":28957,"comment_status":"closed","ping_status":"closed","sticky":false,"template":"","format":"standard","meta":{"footnotes":""},"categories":[3,8,3816,6,4166,2483],"tags":[2118,337,273,79,247,133],"class_list":["post-28956","post","type-post","status-publish","format-standard","has-post-thumbnail","hentry","category-al-dia","category-comunas","category-partidos-politicos","category-politica","category-puerto-varas","category-region","tag-semanariolocal","tag-informacion","tag-noticias","tag-puerto-varas","tag-region-de-los-lagos","tag-semanario-local"],"_links":{"self":[{"href":"https:\/\/www.semanariolocal.cl\/index.php?rest_route=\/wp\/v2\/posts\/28956","targetHints":{"allow":["GET"]}}],"collection":[{"href":"https:\/\/www.semanariolocal.cl\/index.php?rest_route=\/wp\/v2\/posts"}],"about":[{"href":"https:\/\/www.semanariolocal.cl\/index.php?rest_route=\/wp\/v2\/types\/post"}],"author":[{"embeddable":true,"href":"https:\/\/www.semanariolocal.cl\/index.php?rest_route=\/wp\/v2\/users\/1"}],"replies":[{"embeddable":true,"href":"https:\/\/www.semanariolocal.cl\/index.php?rest_route=%2Fwp%2Fv2%2Fcomments&post=28956"}],"version-history":[{"count":3,"href":"https:\/\/www.semanariolocal.cl\/index.php?rest_route=\/wp\/v2\/posts\/28956\/revisions"}],"predecessor-version":[{"id":28960,"href":"https:\/\/www.semanariolocal.cl\/index.php?rest_route=\/wp\/v2\/posts\/28956\/revisions\/28960"}],"wp:featuredmedia":[{"embeddable":true,"href":"https:\/\/www.semanariolocal.cl\/index.php?rest_route=\/wp\/v2\/media\/28957"}],"wp:attachment":[{"href":"https:\/\/www.semanariolocal.cl\/index.php?rest_route=%2Fwp%2Fv2%2Fmedia&parent=28956"}],"wp:term":[{"taxonomy":"category","embeddable":true,"href":"https:\/\/www.semanariolocal.cl\/index.php?rest_route=%2Fwp%2Fv2%2Fcategories&post=28956"},{"taxonomy":"post_tag","embeddable":true,"href":"https:\/\/www.semanariolocal.cl\/index.php?rest_route=%2Fwp%2Fv2%2Ftags&post=28956"}],"curies":[{"name":"wp","href":"https:\/\/api.w.org\/{rel}","templated":true}]}}