{"id":2885,"date":"2021-11-07T07:10:00","date_gmt":"2021-11-07T10:10:00","guid":{"rendered":"https:\/\/www.semanariolocal.cl\/?p=2885"},"modified":"2021-11-06T22:59:16","modified_gmt":"2021-11-07T01:59:16","slug":"dos-medallas-de-oro-logran-ciclistas-de-la-region-en-juegos-de-la-araucania-2021","status":"publish","type":"post","link":"https:\/\/www.semanariolocal.cl\/?p=2885","title":{"rendered":"Dos medallas de oro logran ciclistas de la regi\u00f3n en Juegos de la Araucan\u00eda 2021"},"content":{"rendered":"\n<p style=\"font-size:17px\">Los ciclistas de la Regi\u00f3n de los Lagos, Nya Mansilla y Josafat C\u00e1rdenas, se adjudicaron la prueba Contrarreloj Individual de la Final Nacional de los Juegos de la Araucan\u00eda Chile 2021 desarrollada en Puerto Montt.<\/p>\n\n\n\n<p style=\"font-size:17px\">La primera competencia se llev\u00f3 a cabo en el sector San Antonio El Tepual y ambos deportistas del Club Melipulli lograron el primer lugar en las categor\u00edas damas y varones, respectivamente.<\/p>\n\n\n\n<p style=\"font-size:17px\">En el caso de las damas, la puertomontina Nya Mansilla registr\u00f3 un tiempo de 14 minutos y un segundo, obteniendo la medalla de oro. El segundo lugar fue para Martina Torres de Los R\u00edos con 14:18 y tercera fue Catalina Mendoza de B\u00edo B\u00edo, con 14:36.<\/p>\n\n\n\n<p style=\"font-size:17px\">En varones, Josafat C\u00e1rdenas termin\u00f3 con un crono de 18:52, en el segundo lugar lleg\u00f3 Franco Astudillo de La Araucan\u00eda con 19:29 y en tercer puesto remat\u00f3 Sebasti\u00e1n Castro de B\u00edo B\u00edo, con un registro de 19:39.<\/p>\n\n\n\n<p style=\"font-size:17px\">Con relaci\u00f3n a la competencia, Nya Mansilla se\u00f1al\u00f3 que \u201cestoy feliz, fue una competencia muy dura porque estaba muy fuerte el viento, pero estamos contentos con el desempe\u00f1o, porque estamos entrenando con miras al Sudamericano de Cali- Colombia, esta prueba yo la ven\u00eda a disfrutar y qued\u00e9 muy conforme con el primer lugar\u201d.<\/p>\n\n\n\n<p style=\"font-size:17px\">En tanto, el vencedor en varones,&nbsp; el frutillarino Josafat C\u00e1rdenas dijo que \u201cpudimos obtener el primer lugar de la Contrarreloj, la primera prueba, estoy&nbsp; muy contento, venimos trabajando desde hace muchos a\u00f1os y me sent\u00ed confiado en darlo todo. El resultado siempre es consecuencia de todo el trabajo que hay detr\u00e1s, del entrenador, de mis compa\u00f1eros, el cuerpo t\u00e9cnico y de los dirigentes\u201d, destac\u00f3 el deportista.<\/p>\n\n\n\n<p style=\"font-size:17px\">Asimismo, el Seremi del Deporte&nbsp; Claus Lindemann resalt\u00f3 el esfuerzo de los funcionarios del IND Los Lagos y de los deportistas locales que lograron el triunfo, se\u00f1alando que \u201cen estos momentos ha sido muy exitosa la experiencia, hemos tenido solo satisfacciones y ning\u00fan evento que lamentar, esperamos que las pruebas que resten se efect\u00faen normalmente y el clima nos siga acompa\u00f1ando en las siguientes jornadas\u201d.<\/p>\n\n\n\n<p style=\"font-size:17px\">Este s\u00e1bado se efectuar\u00e1 la prueba de Fondo por el camino a Ensenada en Puerto Varas, desde las 09 de la ma\u00f1ana los varones deber\u00e1n recorrer un tramo de 100 kil\u00f3metros y posteriormente, las damas a las 15 horas, una ruta de 40 kil\u00f3metros. Mientras que el domingo se disputar\u00e1 la prueba de Circuito, por el sector de la Plaza de Armas de la Costanera de Puerto Montt.<\/p>\n","protected":false},"excerpt":{"rendered":"<p>La competencia se desarroll\u00f3 bajo un fuerte viento y la distancia a recorrer por las damas fue de 8 kil\u00f3metros y para los varones, de 15 kil\u00f3metros.<\/p>\n","protected":false},"author":1,"featured_media":2886,"comment_status":"closed","ping_status":"closed","sticky":false,"template":"","format":"standard","meta":{"footnotes":""},"categories":[3,11],"tags":[],"class_list":["post-2885","post","type-post","status-publish","format-standard","has-post-thumbnail","hentry","category-al-dia","category-educacion"],"_links":{"self":[{"href":"https:\/\/www.semanariolocal.cl\/index.php?rest_route=\/wp\/v2\/posts\/2885","targetHints":{"allow":["GET"]}}],"collection":[{"href":"https:\/\/www.semanariolocal.cl\/index.php?rest_route=\/wp\/v2\/posts"}],"about":[{"href":"https:\/\/www.semanariolocal.cl\/index.php?rest_route=\/wp\/v2\/types\/post"}],"author":[{"embeddable":true,"href":"https:\/\/www.semanariolocal.cl\/index.php?rest_route=\/wp\/v2\/users\/1"}],"replies":[{"embeddable":true,"href":"https:\/\/www.semanariolocal.cl\/index.php?rest_route=%2Fwp%2Fv2%2Fcomments&post=2885"}],"version-history":[{"count":1,"href":"https:\/\/www.semanariolocal.cl\/index.php?rest_route=\/wp\/v2\/posts\/2885\/revisions"}],"predecessor-version":[{"id":2887,"href":"https:\/\/www.semanariolocal.cl\/index.php?rest_route=\/wp\/v2\/posts\/2885\/revisions\/2887"}],"wp:featuredmedia":[{"embeddable":true,"href":"https:\/\/www.semanariolocal.cl\/index.php?rest_route=\/wp\/v2\/media\/2886"}],"wp:attachment":[{"href":"https:\/\/www.semanariolocal.cl\/index.php?rest_route=%2Fwp%2Fv2%2Fmedia&parent=2885"}],"wp:term":[{"taxonomy":"category","embeddable":true,"href":"https:\/\/www.semanariolocal.cl\/index.php?rest_route=%2Fwp%2Fv2%2Fcategories&post=2885"},{"taxonomy":"post_tag","embeddable":true,"href":"https:\/\/www.semanariolocal.cl\/index.php?rest_route=%2Fwp%2Fv2%2Ftags&post=2885"}],"curies":[{"name":"wp","href":"https:\/\/api.w.org\/{rel}","templated":true}]}}