{"id":2882,"date":"2021-11-07T07:05:00","date_gmt":"2021-11-07T10:05:00","guid":{"rendered":"https:\/\/www.semanariolocal.cl\/?p=2882"},"modified":"2021-11-06T22:56:28","modified_gmt":"2021-11-07T01:56:28","slug":"14-artesanos-de-la-region-exponen-sus-obras-en-el-centro-cultural-de-osorno","status":"publish","type":"post","link":"https:\/\/www.semanariolocal.cl\/?p=2882","title":{"rendered":"14 artesanos de la regi\u00f3n exponen sus obras en el Centro Cultural de Osorno"},"content":{"rendered":"\n<p style=\"font-size:17px\">\u201cMe dedico a la joyer\u00eda contempor\u00e1nea, rescatando t\u00e9cnicas antiguas de metalurgia para elaborar modelos m\u00e1s org\u00e1nicos y hago todo a pedido. Esta es la 6ta vez que participo en la muestra, que para m\u00ed es m\u00e1s un encuentro de artesanos y de cultores que venir vender algo, porque se dan espacios de conversaciones y conocimiento\u201d. Manifest\u00f3 Roberto Vel\u00e1squez, orfebre nacido y criado Osorno, quien por sexta vez participa en la muestra Guardianes de Oficios 2021, junto a otros 13 artesanos de la regi\u00f3n.<\/p>\n\n\n\n<p style=\"font-size:17px\">Y sin duda este proyecto ser\u00e1 beneficioso para los 14 participantes de esta sexta versi\u00f3n de la Muestra de Guardianes de Oficios Artesan\u00edas de Excelencia y Escuela de Oficios 2021, que se desarrollar\u00e1 los d\u00edas 5, 6 y 7 de noviembre.<\/p>\n\n\n\n<p style=\"font-size:17px\">Guardianes de Oficios, es un trabajo colaborativo con la Serem\u00eda de las Culturas y las Artes, Los Lagos y auspicio del Municipio de Osorno, que este a\u00f1o re\u00fane a artesanos provenientes de Vi\u00f1a del Mar, Traigu\u00e9n, Villarrica, San Pablo, Osorno, San Juan de la Costa, R\u00edo Negro y Chilo\u00e9, quienes expondr\u00e1n sus ancestrales y tradicionales artesan\u00edas en cester\u00eda, telares, tallado en madera, alfarer\u00eda y orfebrer\u00eda.<\/p>\n\n\n\n<p style=\"font-size:17px\">Rosana Fa\u00fandez, directora ejecutiva del Centro Cultural de Osorno, explic\u00f3 \u201cha sido un encuentro hermoso con las personas y los artesanos que realizan esta maravillosa labor que es la representatividad de nuestra identidad y que, adem\u00e1s, tiene un objetivo final que es educar y sensibilizar a la comunidad en torno a lo que son las artesan\u00edas y los oficios tambi\u00e9n\u201d.<\/p>\n\n\n\n<p style=\"font-size:17px\">En tanto, C\u00e9sar Pardo, seremi de de las Culturas, las Artes y el Patrimonio, sostuvo que \u201cestamos muy orgullosos de poder dar lanzamiento oficial a esta 6ta versi\u00f3n de la muestra \u2018Guardianes de Oficios\u2019, congregando a una gran cantidad de cultores y artesanos quienes con mucho talento y cari\u00f1o han puesto sus obras en exposici\u00f3n frente a la comunidad (\u2026) sabemos que aqu\u00ed hay tradiciones, encuentros, territorios y visibilidad de un trabajo que ha pasado de generaci\u00f3n en generaci\u00f3n\u201d.<\/p>\n\n\n\n<p style=\"font-size:17px\"><strong>Arte rupestre<\/strong><\/p>\n\n\n\n<p style=\"font-size:17px\">Eduardo Reyes, es artesano de Ancud y est\u00e1 participando en la muestra por tercer a\u00f1o consecutivo. Trabaja en cobre y para \u00e9l la exposici\u00f3n significa \u201cun esfuerzo que se hace desde Osorno en potenciar lo que hacemos en la regi\u00f3n y es importante porque normalmente este tipo de eventos se hace en Santiago, pero aqu\u00ed hay un cari\u00f1o y un esfuerzo extra de parte del Centro Cultural, para desarrollar y mantener en un excelente nivel la presentaci\u00f3n\u201d, dijo.<\/p>\n\n\n\n<p style=\"font-size:17px\">A ello, agreg\u00f3 que \u201cnormalmente mis l\u00edneas tienen que ver con el arte rupestre en Chile y l\u00edneas que son m\u00e1s contempor\u00e1neas\u201d.<\/p>\n\n\n\n<p style=\"font-size:17px\">Por \u00faltimo, la directora de la Corporaci\u00f3n Cultural, invit\u00f3 a toda la comunidad a visitar la muestra. \u201cLos esperamos en Manuel Antonio Matta 556, este s\u00e1bado de 10 a 20 horas y domingo desde las 10 hasta las 19 horas. Es entrada liberada y tenemos todos los resguardos que requiere la pandemia\u201d.<\/p>\n","protected":false},"excerpt":{"rendered":"<p>Se trata de la VI versi\u00f3n de Guardianes de Oficios que estar\u00e1 en exposici\u00f3n los d\u00edas 5, 6 y 7 de noviembre.<\/p>\n","protected":false},"author":1,"featured_media":2883,"comment_status":"closed","ping_status":"closed","sticky":false,"template":"","format":"standard","meta":{"footnotes":""},"categories":[3,10],"tags":[],"class_list":["post-2882","post","type-post","status-publish","format-standard","has-post-thumbnail","hentry","category-al-dia","category-cultura"],"_links":{"self":[{"href":"https:\/\/www.semanariolocal.cl\/index.php?rest_route=\/wp\/v2\/posts\/2882","targetHints":{"allow":["GET"]}}],"collection":[{"href":"https:\/\/www.semanariolocal.cl\/index.php?rest_route=\/wp\/v2\/posts"}],"about":[{"href":"https:\/\/www.semanariolocal.cl\/index.php?rest_route=\/wp\/v2\/types\/post"}],"author":[{"embeddable":true,"href":"https:\/\/www.semanariolocal.cl\/index.php?rest_route=\/wp\/v2\/users\/1"}],"replies":[{"embeddable":true,"href":"https:\/\/www.semanariolocal.cl\/index.php?rest_route=%2Fwp%2Fv2%2Fcomments&post=2882"}],"version-history":[{"count":1,"href":"https:\/\/www.semanariolocal.cl\/index.php?rest_route=\/wp\/v2\/posts\/2882\/revisions"}],"predecessor-version":[{"id":2884,"href":"https:\/\/www.semanariolocal.cl\/index.php?rest_route=\/wp\/v2\/posts\/2882\/revisions\/2884"}],"wp:featuredmedia":[{"embeddable":true,"href":"https:\/\/www.semanariolocal.cl\/index.php?rest_route=\/wp\/v2\/media\/2883"}],"wp:attachment":[{"href":"https:\/\/www.semanariolocal.cl\/index.php?rest_route=%2Fwp%2Fv2%2Fmedia&parent=2882"}],"wp:term":[{"taxonomy":"category","embeddable":true,"href":"https:\/\/www.semanariolocal.cl\/index.php?rest_route=%2Fwp%2Fv2%2Fcategories&post=2882"},{"taxonomy":"post_tag","embeddable":true,"href":"https:\/\/www.semanariolocal.cl\/index.php?rest_route=%2Fwp%2Fv2%2Ftags&post=2882"}],"curies":[{"name":"wp","href":"https:\/\/api.w.org\/{rel}","templated":true}]}}