{"id":2879,"date":"2021-11-07T07:00:00","date_gmt":"2021-11-07T10:00:00","guid":{"rendered":"https:\/\/www.semanariolocal.cl\/?p=2879"},"modified":"2021-11-06T22:52:14","modified_gmt":"2021-11-07T01:52:14","slug":"gobernador-vallespin-la-region-de-los-lagos-no-requiere-un-estado-de-excepcion","status":"publish","type":"post","link":"https:\/\/www.semanariolocal.cl\/?p=2879","title":{"rendered":"Gobernador Vallespin: \u201cla regi\u00f3n de Los Lagos no requiere un Estado de Excepci\u00f3n\u201d"},"content":{"rendered":"\n<p style=\"font-size:17px\">Ante las declaraciones del delegado presidencial de Los Lagos, respecto a la opci\u00f3n de solicitar un Estado de Emergencia como el que rige en cuatro provincias de la Macrozona Sur, el Gobernador Regional de Los Lagos, Patricio Vallespin, se\u00f1al\u00f3 que era una opini\u00f3n precipitada debido a la falta de informaci\u00f3n y que se trata de un hecho aislado que no corresponde al estado actual de la regi\u00f3n.<\/p>\n\n\n\n<p style=\"font-size:17px\">\u201cMe parece que cuando no se tienen los antecedentes necesarios con la quema de maquinaria agr\u00edcola y sobre la base de hecho aislado, donde no hay un precedente grave en nuestra regi\u00f3n, pensar que es saludable pedir un Estado de Excepci\u00f3n me parece precipitado, una respuesta m\u00e1s efectista que efectiva. Hay que ser muy cuidadoso en estas materias\u201d, indic\u00f3 Vallespin.<\/p>\n\n\n\n<p style=\"font-size:17px\">El Gobernador agreg\u00f3 que \u201cel delegado presidencial en este minuto est\u00e1 m\u00e1s contagiado con lo que est\u00e1 pasando en otras regiones, que no tiene que ver con la realidad de la regi\u00f3n de Los Lagos. Por lo tanto, hay que invitar a la mesura, a la prudencia y no precipitarse en las opiniones que generan afecto en los territorios. La regi\u00f3n de Los Lagos est\u00e1 avanzando saludablemente en todas las materias y no requiere ning\u00fan Estado de Excepci\u00f3n\u201d.<\/p>\n","protected":false},"excerpt":{"rendered":"<p>Ante las declaraciones del delegado presidencial de Los Lagos, respecto a la opci\u00f3n de solicitar un Estado de Emergencia como el que rige en cuatro provincias de la Macrozona Sur, el Gobernador Regional de Los Lagos, Patricio Vallespin, se\u00f1al\u00f3 que era una opini\u00f3n precipitada debido a la falta de informaci\u00f3n y que se trata de&#8230;<a class=\"btnReadMore\" href=\"https:\/\/www.semanariolocal.cl\/?p=2879\"> Leer M\u00e1s<\/a><\/p>\n","protected":false},"author":1,"featured_media":2880,"comment_status":"closed","ping_status":"closed","sticky":false,"template":"","format":"standard","meta":{"footnotes":""},"categories":[3,6],"tags":[],"class_list":["post-2879","post","type-post","status-publish","format-standard","has-post-thumbnail","hentry","category-al-dia","category-politica"],"_links":{"self":[{"href":"https:\/\/www.semanariolocal.cl\/index.php?rest_route=\/wp\/v2\/posts\/2879","targetHints":{"allow":["GET"]}}],"collection":[{"href":"https:\/\/www.semanariolocal.cl\/index.php?rest_route=\/wp\/v2\/posts"}],"about":[{"href":"https:\/\/www.semanariolocal.cl\/index.php?rest_route=\/wp\/v2\/types\/post"}],"author":[{"embeddable":true,"href":"https:\/\/www.semanariolocal.cl\/index.php?rest_route=\/wp\/v2\/users\/1"}],"replies":[{"embeddable":true,"href":"https:\/\/www.semanariolocal.cl\/index.php?rest_route=%2Fwp%2Fv2%2Fcomments&post=2879"}],"version-history":[{"count":1,"href":"https:\/\/www.semanariolocal.cl\/index.php?rest_route=\/wp\/v2\/posts\/2879\/revisions"}],"predecessor-version":[{"id":2881,"href":"https:\/\/www.semanariolocal.cl\/index.php?rest_route=\/wp\/v2\/posts\/2879\/revisions\/2881"}],"wp:featuredmedia":[{"embeddable":true,"href":"https:\/\/www.semanariolocal.cl\/index.php?rest_route=\/wp\/v2\/media\/2880"}],"wp:attachment":[{"href":"https:\/\/www.semanariolocal.cl\/index.php?rest_route=%2Fwp%2Fv2%2Fmedia&parent=2879"}],"wp:term":[{"taxonomy":"category","embeddable":true,"href":"https:\/\/www.semanariolocal.cl\/index.php?rest_route=%2Fwp%2Fv2%2Fcategories&post=2879"},{"taxonomy":"post_tag","embeddable":true,"href":"https:\/\/www.semanariolocal.cl\/index.php?rest_route=%2Fwp%2Fv2%2Ftags&post=2879"}],"curies":[{"name":"wp","href":"https:\/\/api.w.org\/{rel}","templated":true}]}}