{"id":2876,"date":"2021-11-06T09:40:00","date_gmt":"2021-11-06T12:40:00","guid":{"rendered":"https:\/\/www.semanariolocal.cl\/?p=2876"},"modified":"2021-11-06T22:43:12","modified_gmt":"2021-11-07T01:43:12","slug":"diputados-udi-cuetionan-comportamiento-de-flor-alarcon-en-comision-ac-pinera","status":"publish","type":"post","link":"https:\/\/www.semanariolocal.cl\/?p=2876","title":{"rendered":"Diputados UDI cuetionan comportamiento de Flor Alarc\u00f3n en comisi\u00f3n AC Pi\u00f1era"},"content":{"rendered":"\n<p style=\"font-size:17px\">De \u201cvergonzoso y lamentable\u201d, calificaron los diputados de la UDI, Juan Manuel Fuenzalida y Gustavo Sanhueza, la actitud de su par Flor Alarc\u00f3n en la comisi\u00f3n que estudia la Acusaci\u00f3n Constitucional contra el presidente de la Rep\u00fablica, Sebasti\u00e1n Pi\u00f1era.<\/p>\n\n\n\n<p style=\"font-size:17px\">Y es que, a juicio de los parlamentarios, independientemente del m\u00e9rito pol\u00edtico de la AC, el diputado de la oposici\u00f3n e integrante de la comisi\u00f3n que estudia el libelo acusatorio, Flor Alarc\u00f3n una vez m\u00e1s asumi\u00f3 su rol con tal frivolidad, falta de respeto al cargo y colocando en serias dudas su estabilidad mental.<\/p>\n\n\n\n<p style=\"font-size:17px\">\u201cNo debemos olvidar que el diputado Alarc\u00f3n estuvo varios meses con licencia m\u00e9dica con ocasi\u00f3n de los trastornos que le causaron las acusaciones por abusos sexuales cometidos contra una mujer\u201d, sostuvieron Fuenzalida y Sanhueza.<\/p>\n\n\n\n<p style=\"font-size:17px\"><a>Resulta evidente que su situaci\u00f3n emocional es inestable tal como lo demuestra el video donde se pone a cantar en plena discusi\u00f3n de la Acusaci\u00f3n Constitucional.<\/a><\/p>\n\n\n\n<p style=\"font-size:17px\">En concreto, los parlamentarios gremialistas aseguraron que \u201cnadie puede ser juzgado por una autoridad en estas condiciones, no s\u00f3lo le quita validez jur\u00eddica a su voto, sino que le resta validez a toda la, lo que demuestra que la izquierda es capaz de autorizar que entregue su voto a favor a un orate que desprestigia una vez m\u00e1s a los parlamentarios y a toda la institucionalidad con tal de conseguir su objetivo de derrocar a Pi\u00f1era con este golpe blanco de estado\u201d<\/p>\n\n\n\n<p style=\"font-size:17px\">Finalmente, los diputados Juan Manuel Fuenzalida y Gustavo Sanhueza, indicaron que \u201cclaramente quedar\u00e1 para la historia que la izquierda utiliz\u00f3 a un eventual demente para destituir a un Presidente de la Rep\u00fablica leg\u00edtimamente elegido\u201d.<\/p>\n","protected":false},"excerpt":{"rendered":"<p>Resulta evidente que su situaci\u00f3n emocional es inestable tal como lo demuestra el video donde se pone a cantar en plena discusi\u00f3n de la Acusaci\u00f3n Constitucional.<\/p>\n","protected":false},"author":1,"featured_media":2877,"comment_status":"closed","ping_status":"closed","sticky":false,"template":"","format":"standard","meta":{"footnotes":""},"categories":[6],"tags":[],"class_list":["post-2876","post","type-post","status-publish","format-standard","has-post-thumbnail","hentry","category-politica"],"_links":{"self":[{"href":"https:\/\/www.semanariolocal.cl\/index.php?rest_route=\/wp\/v2\/posts\/2876","targetHints":{"allow":["GET"]}}],"collection":[{"href":"https:\/\/www.semanariolocal.cl\/index.php?rest_route=\/wp\/v2\/posts"}],"about":[{"href":"https:\/\/www.semanariolocal.cl\/index.php?rest_route=\/wp\/v2\/types\/post"}],"author":[{"embeddable":true,"href":"https:\/\/www.semanariolocal.cl\/index.php?rest_route=\/wp\/v2\/users\/1"}],"replies":[{"embeddable":true,"href":"https:\/\/www.semanariolocal.cl\/index.php?rest_route=%2Fwp%2Fv2%2Fcomments&post=2876"}],"version-history":[{"count":1,"href":"https:\/\/www.semanariolocal.cl\/index.php?rest_route=\/wp\/v2\/posts\/2876\/revisions"}],"predecessor-version":[{"id":2878,"href":"https:\/\/www.semanariolocal.cl\/index.php?rest_route=\/wp\/v2\/posts\/2876\/revisions\/2878"}],"wp:featuredmedia":[{"embeddable":true,"href":"https:\/\/www.semanariolocal.cl\/index.php?rest_route=\/wp\/v2\/media\/2877"}],"wp:attachment":[{"href":"https:\/\/www.semanariolocal.cl\/index.php?rest_route=%2Fwp%2Fv2%2Fmedia&parent=2876"}],"wp:term":[{"taxonomy":"category","embeddable":true,"href":"https:\/\/www.semanariolocal.cl\/index.php?rest_route=%2Fwp%2Fv2%2Fcategories&post=2876"},{"taxonomy":"post_tag","embeddable":true,"href":"https:\/\/www.semanariolocal.cl\/index.php?rest_route=%2Fwp%2Fv2%2Ftags&post=2876"}],"curies":[{"name":"wp","href":"https:\/\/api.w.org\/{rel}","templated":true}]}}