{"id":2873,"date":"2021-11-06T08:36:00","date_gmt":"2021-11-06T11:36:00","guid":{"rendered":"https:\/\/www.semanariolocal.cl\/?p=2873"},"modified":"2021-11-06T22:39:30","modified_gmt":"2021-11-07T01:39:30","slug":"instituto-confucio-inicia-mini-ciclo-de-analisis-de-contingencia-sanitaria-bajo-cultura-china","status":"publish","type":"post","link":"https:\/\/www.semanariolocal.cl\/?p=2873","title":{"rendered":"Instituto Confucio inicia mini ciclo de an\u00e1lisis  de contingencia sanitaria bajo cultura china"},"content":{"rendered":"\n<p style=\"font-size:17px\">En los \u00faltimos dos a\u00f1os el mundo se ha visto enfrentado a una serie de desaf\u00edos que han hecho replantear muchos de los modelos m\u00e1s implementados hasta ahora, sobre todo en lo que se refiere trabajo, comercio y educaci\u00f3n, comenzando a usarse las plataformas digitales como pilares de esta nueva era.<\/p>\n\n\n\n<p style=\"font-size:17px\">Frente a estos nuevos desaf\u00edos, el Instituto Confucio Santo Tom\u00e1s (IC ST) realizar\u00e1 durante noviembre un mini ciclo titulado \u201cVirus y civilizaci\u00f3n. Meditaciones sobre el momento actual con ayuda de algunos textos cl\u00e1sicos chinos\u00bb, que estar\u00e1 a cargo de Enzo Cozzi, quien lo enfoca dentro de c\u00f3mo \u201c<em>un mundo en crisis y dividido es \u2018unido\u2019 (homogenizado) por la pandemia<\/em>\u201d.<\/p>\n\n\n\n<p style=\"font-size:17px\">La primera sesi\u00f3n se realizar\u00e1 el martes 9 de noviembre y lleva por t\u00edtulo \u00abCivilizaci\u00f3n y la perspectiva del virus\u00bb, donde, a trav\u00e9s de la famosa novela hist\u00f3rica china \u201cRomance de los Tres Reinos\u201d (Sanguo yanyi) se explorar\u00e1n paralelismos entre episodios y personajes del texto y el momento contempor\u00e1neo, en que sobre el mundo entero pareciera cernirse una amenaza con cataclismos irreversibles en la biosfera, en la historia, la sociedad y el orden mundial.<\/p>\n\n\n\n<p style=\"font-size:17px\">La segunda jornada se realizar\u00e1 el martes 16 de noviembre, la que se titula \u201cEl tiempo y su sombra\u201d y que basar\u00e1 su an\u00e1lisis en el texto \u201cCr\u00f3nica de la Primavera y el Oto\u00f1o del Se\u00f1or L\u00fc\u201d (Lushi Chunqiu), donde se crea un debate clave de la antigua filosof\u00eda pol\u00edtica china, acerca de qu\u00e9 significa ser alguien \u201cmejor\u201d o \u201cpeor\u201d. En este Webinar se examinar\u00e1n algunos aspectos de nuestra realidad contempor\u00e1nea y sus desaf\u00edos, a la luz de aqu\u00e9l fascinante debate.<\/p>\n\n\n\n<p style=\"font-size:17px\">Enzo Cozzi es licenciado en sociolog\u00eda, mag\u00edster en teor\u00eda cr\u00edtica con menci\u00f3n en teatro y doctor en ecolog\u00eda cultural por la Universidad de Londres. Fue consultor acad\u00e9mico de la exhibici\u00f3n La Antigua China y los Guerreros de Terracota, en el Centro Cultural La Moneda, y catedr\u00e1tico titular en el Royal Holloway College de la Universidad de Londres, pasando a ser investigador asociado de dicha universidad.<\/p>\n\n\n\n<p style=\"font-size:17px\">Para participar en este Mini ciclo s\u00f3lo deben conectarse al Facebook del Instituto Confucio Santo Tom\u00e1s (@ConfucioUST) los d\u00edas indicados a las 18 horas o preinscribirse en el enlace <a href=\"about:blank\">https:\/\/bit.ly\/InscripcionCicloVirusyCivilizacion<\/a>&nbsp;<\/p>\n","protected":false},"excerpt":{"rendered":"<p>Esta actividad se realizar\u00e1 en dos sesiones, los martes 9 y 16 de noviembre en donde se analizar\u00e1 al  mundo actual unido (homogenizado) por la pandemia.<\/p>\n","protected":false},"author":1,"featured_media":2874,"comment_status":"closed","ping_status":"closed","sticky":false,"template":"","format":"standard","meta":{"footnotes":""},"categories":[10,11],"tags":[],"class_list":["post-2873","post","type-post","status-publish","format-standard","has-post-thumbnail","hentry","category-cultura","category-educacion"],"_links":{"self":[{"href":"https:\/\/www.semanariolocal.cl\/index.php?rest_route=\/wp\/v2\/posts\/2873","targetHints":{"allow":["GET"]}}],"collection":[{"href":"https:\/\/www.semanariolocal.cl\/index.php?rest_route=\/wp\/v2\/posts"}],"about":[{"href":"https:\/\/www.semanariolocal.cl\/index.php?rest_route=\/wp\/v2\/types\/post"}],"author":[{"embeddable":true,"href":"https:\/\/www.semanariolocal.cl\/index.php?rest_route=\/wp\/v2\/users\/1"}],"replies":[{"embeddable":true,"href":"https:\/\/www.semanariolocal.cl\/index.php?rest_route=%2Fwp%2Fv2%2Fcomments&post=2873"}],"version-history":[{"count":1,"href":"https:\/\/www.semanariolocal.cl\/index.php?rest_route=\/wp\/v2\/posts\/2873\/revisions"}],"predecessor-version":[{"id":2875,"href":"https:\/\/www.semanariolocal.cl\/index.php?rest_route=\/wp\/v2\/posts\/2873\/revisions\/2875"}],"wp:featuredmedia":[{"embeddable":true,"href":"https:\/\/www.semanariolocal.cl\/index.php?rest_route=\/wp\/v2\/media\/2874"}],"wp:attachment":[{"href":"https:\/\/www.semanariolocal.cl\/index.php?rest_route=%2Fwp%2Fv2%2Fmedia&parent=2873"}],"wp:term":[{"taxonomy":"category","embeddable":true,"href":"https:\/\/www.semanariolocal.cl\/index.php?rest_route=%2Fwp%2Fv2%2Fcategories&post=2873"},{"taxonomy":"post_tag","embeddable":true,"href":"https:\/\/www.semanariolocal.cl\/index.php?rest_route=%2Fwp%2Fv2%2Ftags&post=2873"}],"curies":[{"name":"wp","href":"https:\/\/api.w.org\/{rel}","templated":true}]}}