{"id":28720,"date":"2025-05-13T19:58:07","date_gmt":"2025-05-13T23:58:07","guid":{"rendered":"https:\/\/www.semanariolocal.cl\/?p=28720"},"modified":"2025-05-13T19:58:08","modified_gmt":"2025-05-13T23:58:08","slug":"carlos-furche-inia-remehue-esta-a-la-vanguardia-en-sustentabilidad-agricola-y-pecuaria","status":"publish","type":"post","link":"https:\/\/www.semanariolocal.cl\/?p=28720","title":{"rendered":"Carlos Furche: \u00abINIA Remehue est\u00e1 a la vanguardia en sustentabilidad agr\u00edcola y pecuaria\u201d"},"content":{"rendered":"\n<p><strong><mark style=\"background-color:#abb8c3\" class=\"has-inline-color has-white-color\">13 de Mayo del 2025.- <\/mark><\/strong> Valorando el aporte que hace INIA Remehue a la sustentabilidad de los sistemas agr\u00edcolas y pecuarios de la zona sur del pa\u00eds, concluy\u00f3 su visita de dos d\u00edas a la Regi\u00f3n de Los Lagos el director nacional del Instituto de Investigaciones Agropecuarias (INIA), Carlos Furche G.<\/p>\n\n\n\n<p>\u201cSi uno pudiera poner una especie de letrero aqu\u00ed en el ingreso de esta estaci\u00f3n experimental, tendr\u00eda que decir: aqu\u00ed se trabaja por la sustentabilidad de los sistemas productivos agr\u00edcolas y pecuarios y creo que en eso el INIA e INIA Remehue est\u00e1n en la vanguardia tecnol\u00f3gica y, de verdad, es un est\u00edmulo venir y conocer en profundidad el trabajo que hacen\u201d, sostuvo al finalizar su recorrido por las instalaciones del centro regional e INIA La Pampa.<\/p>\n\n\n\n<p>A\u00f1adi\u00f3 que fue \u201cmuy interesante conocer lo que se hace con el Programa de Mejoramiento Gen\u00e9tico de Papa de una manera integral\u201d, destacando que \u201cla principal referencia en Chile para el cultivo de la papa es, sin lugar a dudas, el INIA y es el INIA Remehue\u201d. Luego indic\u00f3 que \u201cme pareci\u00f3 muy interesante lo que pude apreciar respecto al funcionamiento de la lecher\u00eda rob\u00f3tica, que fue pionera en la Regi\u00f3n de Los Lagos en investigaci\u00f3n, en sistemas pastoriles, y que hoy d\u00eda puede mostrar informaci\u00f3n relevante del impacto que esto tiene y puede tener sobre la productividad y sobre la sustentabilidad\u201d.<\/p>\n\n\n\n<p>Adicionalmente, se refiri\u00f3 al trabajo que hace INIA en Chilo\u00e9, en la Estaci\u00f3n Experimental INIA Butalcura, \u201cque tambi\u00e9n creo que tiene una clara orientaci\u00f3n hacia el desarrollo sustentable en una regi\u00f3n tan atractiva, pero al mismo tiempo de ecosistemas fr\u00e1giles como es Chilo\u00e9\u201d, precis\u00f3.<\/p>\n\n\n\n<p>Finalmente, resalt\u00f3 como \u201cuno de los trabajos de verdad pioneros y muy atractivos de INIA, la capacidad que ya tiene y que adem\u00e1s perfeccionar\u00e1 para medir la emisi\u00f3n de gases de efecto invernadero sobre todo en la ganader\u00eda\u201d.<\/p>\n\n\n\n<p>Enfatiz\u00f3 que \u201cya hay informaci\u00f3n disponible y tambi\u00e9n respecto a la capacidad de capturar carbono, de manera que el sector silvoagropecuario de la Regi\u00f3n de Los Lagos perfectamente puede demostrar que es una regi\u00f3n carbono neutral, o incluso con aportes a la neutralidad general del pa\u00eds\u201d.<\/p>\n\n\n\n<p>Finaliz\u00f3 se\u00f1alando que en esta materia \u201chay un trabajo que hacer por difundir esto que el INIA ya est\u00e1 haciendo y que tiene un enorme valor para la regi\u00f3n y para nuestro pa\u00eds\u201d.<\/p>\n","protected":false},"excerpt":{"rendered":"<p>La autoridad del agro destac\u00f3 el compromiso firme de la instituci\u00f3n con la innovaci\u00f3n tecnol\u00f3gica, para promover pr\u00e1cticas sustentables en el sur de Chile.<\/p>\n","protected":false},"author":1,"featured_media":28721,"comment_status":"closed","ping_status":"closed","sticky":false,"template":"","format":"standard","meta":{"footnotes":""},"categories":[3302,20,3,2541],"tags":[2118,4250,337,2379,558,273,247,133],"class_list":["post-28720","post","type-post","status-publish","format-standard","has-post-thumbnail","hentry","category-academia","category-agro","category-al-dia","category-investigacion","tag-semanariolocal","tag-carlos-furche","tag-informacion","tag-inia-chile","tag-inia-remehue","tag-noticias","tag-region-de-los-lagos","tag-semanario-local"],"_links":{"self":[{"href":"https:\/\/www.semanariolocal.cl\/index.php?rest_route=\/wp\/v2\/posts\/28720","targetHints":{"allow":["GET"]}}],"collection":[{"href":"https:\/\/www.semanariolocal.cl\/index.php?rest_route=\/wp\/v2\/posts"}],"about":[{"href":"https:\/\/www.semanariolocal.cl\/index.php?rest_route=\/wp\/v2\/types\/post"}],"author":[{"embeddable":true,"href":"https:\/\/www.semanariolocal.cl\/index.php?rest_route=\/wp\/v2\/users\/1"}],"replies":[{"embeddable":true,"href":"https:\/\/www.semanariolocal.cl\/index.php?rest_route=%2Fwp%2Fv2%2Fcomments&post=28720"}],"version-history":[{"count":1,"href":"https:\/\/www.semanariolocal.cl\/index.php?rest_route=\/wp\/v2\/posts\/28720\/revisions"}],"predecessor-version":[{"id":28722,"href":"https:\/\/www.semanariolocal.cl\/index.php?rest_route=\/wp\/v2\/posts\/28720\/revisions\/28722"}],"wp:featuredmedia":[{"embeddable":true,"href":"https:\/\/www.semanariolocal.cl\/index.php?rest_route=\/wp\/v2\/media\/28721"}],"wp:attachment":[{"href":"https:\/\/www.semanariolocal.cl\/index.php?rest_route=%2Fwp%2Fv2%2Fmedia&parent=28720"}],"wp:term":[{"taxonomy":"category","embeddable":true,"href":"https:\/\/www.semanariolocal.cl\/index.php?rest_route=%2Fwp%2Fv2%2Fcategories&post=28720"},{"taxonomy":"post_tag","embeddable":true,"href":"https:\/\/www.semanariolocal.cl\/index.php?rest_route=%2Fwp%2Fv2%2Ftags&post=28720"}],"curies":[{"name":"wp","href":"https:\/\/api.w.org\/{rel}","templated":true}]}}