{"id":28716,"date":"2025-05-13T11:55:00","date_gmt":"2025-05-13T15:55:00","guid":{"rendered":"https:\/\/www.semanariolocal.cl\/?p=28716"},"modified":"2025-05-13T20:01:02","modified_gmt":"2025-05-14T00:01:02","slug":"recurren-a-contraloria-por-mas-de-12-millones-de-vacunas-contra-la-influenza-vencidas","status":"publish","type":"post","link":"https:\/\/www.semanariolocal.cl\/?p=28716","title":{"rendered":"Recurren a Contralor\u00eda por vacunas contra la\u00a0influenza\u00a0vencidas"},"content":{"rendered":"\n<p><strong><mark style=\"background-color:#abb8c3\" class=\"has-inline-color has-white-color\">13 de Mayo del 2025.- <\/mark><\/strong>Un grupo de parlamentarios anunci\u00f3 que recurrir\u00e1n a la Contralor\u00eda General de la Rep\u00fablica para solicitar el inicio de una auditor\u00eda al interior del Minsal, en espec\u00edfico en la Subsecretar\u00eda de Salud P\u00fablica, luego que se diera a conocer que durante el a\u00f1o pasado un total de 1.212.297 vacunas contra la influenza quedaron en desuso, ya sea porque vencieron o porque no pudieron suministrarse por problemas log\u00edsticos, todo ello en medio de la alta circulaci\u00f3n de virus respiratorios en el pa\u00eds.<\/p>\n\n\n\n<p>Al respecto, cabe recordar que a fines de la semana pasada ya se hab\u00eda conocido un pol\u00e9mico informe, tambi\u00e9n emanado por la Contralor\u00eda, en el que se detectaron una serie de irregularidades en el registro de las vacunas contra el covid-19 correspondientes a los a\u00f1os 2022 y 2023, detallando que m\u00e1s de 18 mil dosis figuraban como \u201csuministradas\u201d en una fecha posterior a la de vencimiento.<\/p>\n\n\n\n<p>Por lo mismo, tras conocerse esta nueva informaci\u00f3n, en el que se advirti\u00f3 una merma del 12,6% de las vacunas adquiridas por el Gobierno en 2024, los parlamentarios calificaron como \u201cindispensable\u201d que el \u00f3rgano contralor realice una nueva investigaci\u00f3n en el Minsal, de tal manera de conocer las razones detr\u00e1s de la p\u00e9rdida de las m\u00e1s de 1,2 millones de dosis contra la influenza, los costos econ\u00f3micos e, incluso, las responsabilidades administrativas y pol\u00edticas que podr\u00edan existir.<\/p>\n\n\n\n<p>En esa l\u00ednea acordaron citar a la comisi\u00f3n de Salud a la titular de la cartera, Ximena Aguilera, y a la subsecretaria Andrea Albagli, para que aclaren si durante este a\u00f1o tambi\u00e9n existe alguna p\u00e9rdida y de qu\u00e9 manera pretenden mejorar la campa\u00f1a de inoculaci\u00f3n.<\/p>\n\n\n\n<p>Pero adem\u00e1s los parlamentarios llamaron al Minsal a ampliar el plan de vacunaci\u00f3n contra la influenza a la poblaci\u00f3n general y no s\u00f3lo para los grupos objetivos, de tal forma de no esperar hasta el segundo semestre como se hizo en 2024, cuando la circulaci\u00f3n de virus respiratorios hab\u00eda subido.<\/p>\n\n\n\n<p>\u201cEl Gobierno no puede volver a cometer el mismo error que el a\u00f1o pasado, cuando reci\u00e9n a fines de julio extendieron el plan a toda la poblaci\u00f3n. Si en 2024 se perdieron m\u00e1s de 1,2 millones de vacunas, quiere decir que esa misma cantidad de personas pudo haberse inoculado, por lo tanto las actuales autoridades deben agotar todos los esfuerzos para ampliar la cobertura\u201d, reiteraron los legisladores.<\/p>\n","protected":false},"excerpt":{"rendered":"<p>Parlamentarios solicitar\u00e1n el inicio de una auditor\u00eda para determinar los costos econ\u00f3micos y las eventuales responsabilidades administrativas y pol\u00edticas detr\u00e1s de la p\u00e9rdida de las dosis.<\/p>\n","protected":false},"author":1,"featured_media":28717,"comment_status":"closed","ping_status":"closed","sticky":false,"template":"","format":"standard","meta":{"footnotes":""},"categories":[3,2496,6,2484],"tags":[2118,337,273,590,247,56,133],"class_list":["post-28716","post","type-post","status-publish","format-standard","has-post-thumbnail","hentry","category-al-dia","category-nacional","category-politica","category-salud","tag-semanariolocal","tag-informacion","tag-noticias","tag-parlamentarios","tag-region-de-los-lagos","tag-salud","tag-semanario-local"],"_links":{"self":[{"href":"https:\/\/www.semanariolocal.cl\/index.php?rest_route=\/wp\/v2\/posts\/28716","targetHints":{"allow":["GET"]}}],"collection":[{"href":"https:\/\/www.semanariolocal.cl\/index.php?rest_route=\/wp\/v2\/posts"}],"about":[{"href":"https:\/\/www.semanariolocal.cl\/index.php?rest_route=\/wp\/v2\/types\/post"}],"author":[{"embeddable":true,"href":"https:\/\/www.semanariolocal.cl\/index.php?rest_route=\/wp\/v2\/users\/1"}],"replies":[{"embeddable":true,"href":"https:\/\/www.semanariolocal.cl\/index.php?rest_route=%2Fwp%2Fv2%2Fcomments&post=28716"}],"version-history":[{"count":4,"href":"https:\/\/www.semanariolocal.cl\/index.php?rest_route=\/wp\/v2\/posts\/28716\/revisions"}],"predecessor-version":[{"id":28725,"href":"https:\/\/www.semanariolocal.cl\/index.php?rest_route=\/wp\/v2\/posts\/28716\/revisions\/28725"}],"wp:featuredmedia":[{"embeddable":true,"href":"https:\/\/www.semanariolocal.cl\/index.php?rest_route=\/wp\/v2\/media\/28717"}],"wp:attachment":[{"href":"https:\/\/www.semanariolocal.cl\/index.php?rest_route=%2Fwp%2Fv2%2Fmedia&parent=28716"}],"wp:term":[{"taxonomy":"category","embeddable":true,"href":"https:\/\/www.semanariolocal.cl\/index.php?rest_route=%2Fwp%2Fv2%2Fcategories&post=28716"},{"taxonomy":"post_tag","embeddable":true,"href":"https:\/\/www.semanariolocal.cl\/index.php?rest_route=%2Fwp%2Fv2%2Ftags&post=28716"}],"curies":[{"name":"wp","href":"https:\/\/api.w.org\/{rel}","templated":true}]}}