{"id":28693,"date":"2025-05-12T17:10:00","date_gmt":"2025-05-12T21:10:00","guid":{"rendered":"https:\/\/www.semanariolocal.cl\/?p=28693"},"modified":"2025-05-12T17:43:48","modified_gmt":"2025-05-12T21:43:48","slug":"udi-emplaza-al-frente-amplio-por-acusaciones-de-espionaje-en-caso-procultura","status":"publish","type":"post","link":"https:\/\/www.semanariolocal.cl\/?p=28693","title":{"rendered":"UDI emplaza al Frente Amplio por acusaciones de espionaje en caso ProCultura"},"content":{"rendered":"\n<p><strong><mark style=\"background-color:#abb8c3\" class=\"has-inline-color has-white-color\">12 de Mayo del 2025.-<\/mark><\/strong> Los diputados y jefe y subjefe de Bancada la UDI, Henry Leal y Felipe Donoso, respectivamente cuestionaron duramente al Frente Amplio por su \u201cdoble discurso\u201d y \u201cvictimismo pol\u00edtico\u201d, luego de que diversas figuras del conglomerado &#8211; como la diputada Gael Yeomans, el presidenciable Gonzalo Winter y la presidenta de Convergencia Social, Constanza Mart\u00ednez\u2013 acusaran un supuesto caso de espionaje en contra del Presidente Gabriel Boric, tras conocerse la interceptaci\u00f3n de una conversaci\u00f3n telef\u00f3nica entre \u00e9l y Josefina Huneeus, exesposa del fundador de la Fundaci\u00f3n ProCultura.<\/p>\n\n\n\n<p>\u201cCuando el Frente Amplio se ve involucrado en casos de corrupci\u00f3n, como el de ProCultura, buscan instalar el mecanismo del espionaje para victimizar al Presidente y desviar la atenci\u00f3n del fondo del asunto: el uso irregular de recursos p\u00fablicos con fines pol\u00edticos\u201d, se\u00f1alaron los parlamentarios gremialistas<\/p>\n\n\n\n<p>Leal y Donoso recordaron que fue la propia Fiscal\u00eda la que solicit\u00f3 interceptaciones telef\u00f3nicas en el marco de una investigaci\u00f3n penal, y que fue la justicia la que rechaz\u00f3 intervenir el tel\u00e9fono del Mandatario, lo que desmiente las versiones de una operaci\u00f3n pol\u00edtica. \u201cEl Presidente no est\u00e1 imputado, pero s\u00ed aparece vinculado indirectamente en una causa grave. Aqu\u00ed no hay persecuci\u00f3n, hay hechos que deben esclarecerse\u201d, enfatizaron.<\/p>\n\n\n\n<p>En ese sentido, los parlamentarios emplazaron a los dirigentes frenteamplistas a hacerse cargo de sus palabras: \u201cNo pueden acusar espionaje y luego callar cuando queda claro que no exist\u00eda tal cosa. Esto es jugar con instituciones de la Rep\u00fablica y con la fe p\u00fablica\u201d.<\/p>\n\n\n\n<p>Finalmente, los diputados Henry Leal y Felipe Donoso afirmaron que la verdadera preocupaci\u00f3n no es la filtraci\u00f3n de una llamada, sino los posibles nexos entre la campa\u00f1a presidencial de Boric y fundaciones hoy cuestionadas por corrupci\u00f3n: \u201cEl pa\u00eds necesita respuestas, no excusas. El Frente Amplio tiene que dejar de actuar como v\u00edctima y empezar a asumir su responsabilidad pol\u00edtica\u201d, sentenciaron.<\/p>\n","protected":false},"excerpt":{"rendered":"<p>Los diputados Henry Leal y Felipe Donoso exigieron explicaciones a Gael Yeomans, Gonzalo Winter, Constanza Mart\u00ednez, entre otros por acusaciones infundadas de espionaje al Presidente Boric. <\/p>\n","protected":false},"author":1,"featured_media":28694,"comment_status":"closed","ping_status":"closed","sticky":false,"template":"","format":"standard","meta":{"footnotes":""},"categories":[3,9,3816],"tags":[2118,337,273,4244,247,133,52],"class_list":["post-28693","post","type-post","status-publish","format-standard","has-post-thumbnail","hentry","category-al-dia","category-gobierno","category-partidos-politicos","tag-semanariolocal","tag-informacion","tag-noticias","tag-procultura","tag-region-de-los-lagos","tag-semanario-local","tag-udi"],"_links":{"self":[{"href":"https:\/\/www.semanariolocal.cl\/index.php?rest_route=\/wp\/v2\/posts\/28693","targetHints":{"allow":["GET"]}}],"collection":[{"href":"https:\/\/www.semanariolocal.cl\/index.php?rest_route=\/wp\/v2\/posts"}],"about":[{"href":"https:\/\/www.semanariolocal.cl\/index.php?rest_route=\/wp\/v2\/types\/post"}],"author":[{"embeddable":true,"href":"https:\/\/www.semanariolocal.cl\/index.php?rest_route=\/wp\/v2\/users\/1"}],"replies":[{"embeddable":true,"href":"https:\/\/www.semanariolocal.cl\/index.php?rest_route=%2Fwp%2Fv2%2Fcomments&post=28693"}],"version-history":[{"count":1,"href":"https:\/\/www.semanariolocal.cl\/index.php?rest_route=\/wp\/v2\/posts\/28693\/revisions"}],"predecessor-version":[{"id":28695,"href":"https:\/\/www.semanariolocal.cl\/index.php?rest_route=\/wp\/v2\/posts\/28693\/revisions\/28695"}],"wp:featuredmedia":[{"embeddable":true,"href":"https:\/\/www.semanariolocal.cl\/index.php?rest_route=\/wp\/v2\/media\/28694"}],"wp:attachment":[{"href":"https:\/\/www.semanariolocal.cl\/index.php?rest_route=%2Fwp%2Fv2%2Fmedia&parent=28693"}],"wp:term":[{"taxonomy":"category","embeddable":true,"href":"https:\/\/www.semanariolocal.cl\/index.php?rest_route=%2Fwp%2Fv2%2Fcategories&post=28693"},{"taxonomy":"post_tag","embeddable":true,"href":"https:\/\/www.semanariolocal.cl\/index.php?rest_route=%2Fwp%2Fv2%2Ftags&post=28693"}],"curies":[{"name":"wp","href":"https:\/\/api.w.org\/{rel}","templated":true}]}}