{"id":28684,"date":"2025-05-10T08:00:00","date_gmt":"2025-05-10T12:00:00","guid":{"rendered":"https:\/\/www.semanariolocal.cl\/?p=28684"},"modified":"2025-05-12T00:02:13","modified_gmt":"2025-05-12T04:02:13","slug":"emprendedores-invisibles","status":"publish","type":"post","link":"https:\/\/www.semanariolocal.cl\/?p=28684","title":{"rendered":"Emprendedores invisibles"},"content":{"rendered":"\n<p><strong><mark style=\"background-color:#abb8c3\" class=\"has-inline-color has-white-color\">10 de Mayo del 2025.- <\/mark><\/strong>Pero al mirar los datos, el panorama dista mucho de ese relato edulcorado. Seg\u00fan la VII Encuesta de Microemprendimiento (EME), el 58,3% de los microemprendedores no est\u00e1 formalizado. Es decir, m\u00e1s de la mitad emprende sin iniciaci\u00f3n de actividades, sin respaldo jur\u00eddico y mucho menos redes de protecci\u00f3n social ni previsional. Trabajan, resisten y sostienen, pero desde la invisibilidad.<\/p>\n\n\n\n<p>Lo m\u00e1s grave es que el sistema no los reconoce. Las herramientas disponibles \u2014fondos concursables, capacitaciones, redes de apoyo\u2014 est\u00e1n dise\u00f1adas para un perfil que no representa a la mayor\u00eda. El ideal de emprendedor\/a formalizado, bancarizado, con conocimientos administrativos, acceso a internet y redes, no refleja la realidad de quienes emprenden desde la urgencia, desde la precariedad o desde el cruce entre trabajo y cuidado. El resultado es claro: miles de personas quedan sistem\u00e1ticamente fuera del radar. No porque no emprendan, sino porque no lo hacen bajo las reglas que dicta el sistema.<\/p>\n\n\n\n<p>Maritza es un ejemplo entre miles. Vive en el sector sur de Santiago y confecciona ropa de ni\u00f1os\/as a partir de retazos textiles que recupera de talleres vecinos. No tiene tienda ni p\u00e1gina web. Vende por WhatsApp, en ferias libres y entre vecinas. No ha pasado por capacitaciones formales ni ha ganado fondos, pero cada prenda que crea lleva horas de ensayo y error, conversaci\u00f3n con clientas, dise\u00f1o iterativo y circularidad pura. Maritza no formaliza porque el sistema no se lo pone f\u00e1cil: los tr\u00e1mites son engorrosos, las cargas previsionales son altas, y la promesa de \u201cbeneficios\u201d suele no materializarse en su d\u00eda a d\u00eda.<\/p>\n\n\n\n<p>Pero eso no ha impedido que construya un modelo de negocio funcional, sostenible y con impacto territorial. Ella reutiliza residuos, dise\u00f1a a medida, escucha activamente al mercado y reinvierte para crecer. Cumple con todos los indicadores que admiramos en la innovaci\u00f3n empresarial, pero no cuenta como tal. No por falta de m\u00e9rito, sino porque el sistema no ha sabido mirar donde debe.<\/p>\n\n\n\n<p>Y eso es precisamente lo que nos est\u00e1 faltando: una transformaci\u00f3n en el enfoque de pol\u00edtica p\u00fablica, de financiamiento y de acompa\u00f1amiento emprendedor. No se trata de \u00abbajar\u00bb las herramientas existentes para que \u00ables lleguen\u00bb, sino de repensar desde d\u00f3nde se dise\u00f1an, a qui\u00e9n consideran y qu\u00e9 problem\u00e1ticas est\u00e1n realmente resolviendo. Mientras sigamos midiendo el valor del emprendimiento solo por su nivel de formalizaci\u00f3n, boletas emitidas o capacidad para postular a un fondo, seguiremos reforzando una l\u00f3gica excluyente, ciega a la diversidad de formas en que se crea valor econ\u00f3mico y social en este pa\u00eds.<\/p>\n\n\n\n<p>Reconocer a personas como Maritza no es solo un acto simb\u00f3lico. Es reconocer que Chile necesita construir nuevos indicadores de innovaci\u00f3n, abrir nuevas formas de acompa\u00f1amiento desde la confianza y la pertinencia, y pensar el desarrollo no solo desde arriba, sino tambi\u00e9n desde los bordes. Donde hay informalidad, muchas veces hay creatividad. Donde hay escasez, nace la resiliencia. Y donde no llega el Estado, hay redes comunitarias que sostienen y transforman.<\/p>\n\n\n\n<p>El Chile que no entra en las estad\u00edsticas no es un pa\u00eds paralelo. Es este mismo. Solo que lo estamos viendo con lentes demasiado estrechos.<\/p>\n\n\n\n<p><strong>Florencia Flen Rossi &#8211; Facultad de Econom\u00eda y Negocios UNAB<\/strong><\/p>\n","protected":false},"excerpt":{"rendered":"<p>En Chile, hablar de emprendimiento suele venir acompa\u00f1ado de discursos heroicos: que \u201csacan adelante el pa\u00eds\u201d, que son \u201cel motor de la econom\u00eda\u201d, que \u201cdonde el Estado no llega, ellos se las arreglan\u201d. <\/p>\n","protected":false},"author":1,"featured_media":28685,"comment_status":"closed","ping_status":"closed","sticky":false,"template":"","format":"standard","meta":{"footnotes":""},"categories":[3,12,3850,7],"tags":[2118,4242,337,273,247,133],"class_list":["post-28684","post","type-post","status-publish","format-standard","has-post-thumbnail","hentry","category-al-dia","category-economia","category-negocios","category-opinion","tag-semanariolocal","tag-florencia-flen-rossi","tag-informacion","tag-noticias","tag-region-de-los-lagos","tag-semanario-local"],"_links":{"self":[{"href":"https:\/\/www.semanariolocal.cl\/index.php?rest_route=\/wp\/v2\/posts\/28684","targetHints":{"allow":["GET"]}}],"collection":[{"href":"https:\/\/www.semanariolocal.cl\/index.php?rest_route=\/wp\/v2\/posts"}],"about":[{"href":"https:\/\/www.semanariolocal.cl\/index.php?rest_route=\/wp\/v2\/types\/post"}],"author":[{"embeddable":true,"href":"https:\/\/www.semanariolocal.cl\/index.php?rest_route=\/wp\/v2\/users\/1"}],"replies":[{"embeddable":true,"href":"https:\/\/www.semanariolocal.cl\/index.php?rest_route=%2Fwp%2Fv2%2Fcomments&post=28684"}],"version-history":[{"count":1,"href":"https:\/\/www.semanariolocal.cl\/index.php?rest_route=\/wp\/v2\/posts\/28684\/revisions"}],"predecessor-version":[{"id":28686,"href":"https:\/\/www.semanariolocal.cl\/index.php?rest_route=\/wp\/v2\/posts\/28684\/revisions\/28686"}],"wp:featuredmedia":[{"embeddable":true,"href":"https:\/\/www.semanariolocal.cl\/index.php?rest_route=\/wp\/v2\/media\/28685"}],"wp:attachment":[{"href":"https:\/\/www.semanariolocal.cl\/index.php?rest_route=%2Fwp%2Fv2%2Fmedia&parent=28684"}],"wp:term":[{"taxonomy":"category","embeddable":true,"href":"https:\/\/www.semanariolocal.cl\/index.php?rest_route=%2Fwp%2Fv2%2Fcategories&post=28684"},{"taxonomy":"post_tag","embeddable":true,"href":"https:\/\/www.semanariolocal.cl\/index.php?rest_route=%2Fwp%2Fv2%2Ftags&post=28684"}],"curies":[{"name":"wp","href":"https:\/\/api.w.org\/{rel}","templated":true}]}}