{"id":28657,"date":"2025-05-08T11:30:00","date_gmt":"2025-05-08T15:30:00","guid":{"rendered":"https:\/\/www.semanariolocal.cl\/?p=28657"},"modified":"2025-05-10T00:46:33","modified_gmt":"2025-05-10T04:46:33","slug":"ips-anuncia-el-pago-a-mas-de-50-mil-beneficiarios-en-la-region-de-los-lagos","status":"publish","type":"post","link":"https:\/\/www.semanariolocal.cl\/?p=28657","title":{"rendered":"IPS anuncia el pago a m\u00e1s de 50 mil beneficiarios en la Regi\u00f3n de Los Lagos"},"content":{"rendered":"\n<p><strong><mark style=\"background-color:#abb8c3\" class=\"has-inline-color has-white-color\">08 de mayo del 2025.- <\/mark><\/strong> El monto del beneficio es de $81.257 por persona pensionada que acredite 65 a\u00f1os o m\u00e1s al 1\u00b0 de mayo de 2025 y cuya pensi\u00f3n sea inferior o igual a $222.475, siempre que cumpla con los dem\u00e1s requisitos.<\/p>\n\n\n\n<p>El Bono de Invierno es un beneficio que entrega el Estado, con el objetivo de que las personas adultas mayores dispongan de recursos adicionales que les permitan cubrir de mejor manera parte de los gastos que conlleva esta \u00e9poca invernal. As\u00ed lo hicieron saber este jueves la seremi del Trabajo y Previsi\u00f3n Social, Ricardo Ebner Torres; y el director regional del Instituto de Previsi\u00f3n Social, Marcelo \u00c1lvarez Curumilla, quienes visitaron al Club de adulto mayor Sol de Oto\u00f1o y&nbsp; Azucenas del Carmen, del sector de Mirasol en Puerto Montt.<\/p>\n\n\n\n<p>La delegada regional presidencial, Paulina Mu\u00f1oz, mencion\u00f3 que \u201cnos acercamos hasta el sector de Mirasol con el fin de tratar un tema muy importante que se aproxima este mes de mayo: el Bono Invierno, dirigido especialmente a las personas mayores de 65 a\u00f1os. Esperamos que estos recursos contribuyan a la econom\u00eda familiar y mejoren la calidad de vida, en particular para nuestra poblaci\u00f3n adulta mayor. De esta manera, continuamos avanzando como Gobierno de Chile, compartiendo buenas noticias e informando sobre las diversas pol\u00edticas que benefician a todos los chilenos, como la ley de reforma de pensiones, entre otras.\u201d<\/p>\n\n\n\n<p>Elia Ojeda, presidenta del Club de Adultos Mayores Sol de Oto\u00f1o, quien adem\u00e1s es beneficiada por este bono invierno, indic\u00f3 que \u201cpara nosotros como adultos mayores, que nos informen de esos sistemas que hay, para que la gente se informe y as\u00ed directamente porque si no siempre est\u00e1n con la duda y para que conf\u00eden en lo que viene. Muy agradecida de sus informaciones que vienen a dar porque a nosotros nos sirven mucho.\u201d<\/p>\n\n\n\n<p>El Estado destinar\u00e1 m\u00e1s de 146 mil millones de pesos en total para garantizar el Bono de Invierno a las pensionadas y pensionados m\u00e1s vulnerables del pa\u00eds. De esa cifra, m\u00e1s de 4 mil 100 millones de pesos se distribuir\u00e1n entre las adultas y adultos mayores de la Regi\u00f3n de Los Lagos.<\/p>\n\n\n\n<p>El seremi del Trabajo y Previsi\u00f3n Social, Ricardo Ebner Torres, destac\u00f3 que el beneficio \u201cestuvimos compartiendo con estos 2 clubes de adultos mayores sobre los principales aspectos del Bono Invierno del a\u00f1o 2025, que ser\u00e1 de m\u00e1s de 81.000 pesos y llegar\u00e1 a m\u00e1s de 96 mil pensionados y pensionadas de nuestra regi\u00f3n de Los Lagos. Pero adem\u00e1s estuvimos conversando con ellos dialogando de manera muy fraterna y amena sobre las implicancias de la entrada en vigor de la reforma al sistema de pensiones, que tambi\u00e9n es una ayuda estructural, una soluci\u00f3n hoy d\u00eda concreta, para mejorar la calidad de vida de los adultos mayores y mejorar y aumentar sus pensiones.<\/p>\n\n\n\n<p>Cabe destacar que, en el caso de las personas que reciban la Pensi\u00f3n Garantizada Universal (PGU) como complemento a su pensi\u00f3n contributiva (la que se genera producto de las cotizaciones que tuvo la persona en su vida laboral), para establecer ese l\u00edmite de $222.475 solo se considera el monto de dicha pensi\u00f3n contributiva sin sumar la PGU.<\/p>\n\n\n\n<p>Por su parte, el director regional del IPS, Marcelo \u00c1lvarez Curumilla, se\u00f1al\u00f3 que \u201cno hay que postular, aquellos que tengan (pensiones) menores a 221 mil pesos van a tener derecho a este beneficio para ser recibido en la fecha de pago que le corresponde durante el mes de mayo y por lo tanto, cualquier duda o consulta puede dirigirse a la oficina, a nuestras 26 oficinas, a lo largo de la regi\u00f3n de Los Lagos y tambi\u00e9n en las distintas plataformas tanto en redes sociales en el 101 como tambi\u00e9n no es cierto de los puntos virtuales municipales.\u201d<\/p>\n\n\n\n<p>\u00bfQui\u00e9nes tienen derecho al Bono de Invierno?<\/p>\n\n\n\n<p>Tendr\u00e1n derecho al beneficio las personas pensionadas que tengan 65 a\u00f1os cumplidos al 1\u00b0 de mayo de 2025 y cuyo monto de pensi\u00f3n sea inferior o igual a $222.475, que est\u00e9n en los siguientes grupos:<\/p>\n\n\n\n<p>Personas pensionadas del Instituto de Previsi\u00f3n Social (IPS); del Instituto de Seguridad Laboral (ISL); de Dipreca, de Capredena y de la Ley N\u00b0 16.744 de Accidentes del Trabajo y Enfermedades Profesionales<a>.<\/a><\/p>\n\n\n\n<p>Personas beneficiarias de la Pensi\u00f3n Garantizada Universal (PGU) que no tengan derecho a pensi\u00f3n en alg\u00fan r\u00e9gimen previsional.<\/p>\n\n\n\n<p>Personas pensionadas del Sistema de AFP siempre que, adicionalmente, se encuentren percibiendo una PGU o un Aporte Previsional Solidario de Vejez, y cuyas pensiones -sin considerar esa PGU o ese Aporte- sean de un monto inferior o igual a $222.475. Tambi\u00e9n se beneficiar\u00e1n las personas pensionadas del Sistema de AFP que se encuentren percibiendo pensiones m\u00ednimas con Garant\u00eda Estatal.<\/p>\n\n\n\n<p>Personas con leyes especiales (Rettig, Valech, exonerados pol\u00edticos), siempre que cumplan los dem\u00e1s requisitos legales.<\/p>\n\n\n\n<p>Para m\u00e1s informaci\u00f3n se puede consultar en www.ips.gob.cl, www.chileatiende.cl, o llamar al Call Center 600 440 0040, o contactarnos a trav\u00e9s de las redes sociales @ChileAtiende en X, Facebook e Instagram.<\/p>\n","protected":false},"excerpt":{"rendered":"<p>El Instituto de Previsi\u00f3n Social (IPS) comenz\u00f3 a pagar el Bono de Invierno a m\u00e1s de 1 mill\u00f3n 800 mil personas pensionadas en todo Chile de 65 a\u00f1os o m\u00e1s que cumplen con los requisitos.<\/p>\n","protected":false},"author":1,"featured_media":28658,"comment_status":"closed","ping_status":"closed","sticky":false,"template":"","format":"standard","meta":{"footnotes":""},"categories":[3,3843,3608,9],"tags":[2118,337,1419,273,3043,247,133],"class_list":["post-28657","post","type-post","status-publish","format-standard","has-post-thumbnail","hentry","category-al-dia","category-derechos-sociales","category-estado","category-gobierno","tag-semanariolocal","tag-informacion","tag-ips","tag-noticias","tag-prevision-social","tag-region-de-los-lagos","tag-semanario-local"],"_links":{"self":[{"href":"https:\/\/www.semanariolocal.cl\/index.php?rest_route=\/wp\/v2\/posts\/28657","targetHints":{"allow":["GET"]}}],"collection":[{"href":"https:\/\/www.semanariolocal.cl\/index.php?rest_route=\/wp\/v2\/posts"}],"about":[{"href":"https:\/\/www.semanariolocal.cl\/index.php?rest_route=\/wp\/v2\/types\/post"}],"author":[{"embeddable":true,"href":"https:\/\/www.semanariolocal.cl\/index.php?rest_route=\/wp\/v2\/users\/1"}],"replies":[{"embeddable":true,"href":"https:\/\/www.semanariolocal.cl\/index.php?rest_route=%2Fwp%2Fv2%2Fcomments&post=28657"}],"version-history":[{"count":1,"href":"https:\/\/www.semanariolocal.cl\/index.php?rest_route=\/wp\/v2\/posts\/28657\/revisions"}],"predecessor-version":[{"id":28659,"href":"https:\/\/www.semanariolocal.cl\/index.php?rest_route=\/wp\/v2\/posts\/28657\/revisions\/28659"}],"wp:featuredmedia":[{"embeddable":true,"href":"https:\/\/www.semanariolocal.cl\/index.php?rest_route=\/wp\/v2\/media\/28658"}],"wp:attachment":[{"href":"https:\/\/www.semanariolocal.cl\/index.php?rest_route=%2Fwp%2Fv2%2Fmedia&parent=28657"}],"wp:term":[{"taxonomy":"category","embeddable":true,"href":"https:\/\/www.semanariolocal.cl\/index.php?rest_route=%2Fwp%2Fv2%2Fcategories&post=28657"},{"taxonomy":"post_tag","embeddable":true,"href":"https:\/\/www.semanariolocal.cl\/index.php?rest_route=%2Fwp%2Fv2%2Ftags&post=28657"}],"curies":[{"name":"wp","href":"https:\/\/api.w.org\/{rel}","templated":true}]}}