{"id":28646,"date":"2025-05-09T19:13:17","date_gmt":"2025-05-09T23:13:17","guid":{"rendered":"https:\/\/www.semanariolocal.cl\/?p=28646"},"modified":"2025-05-10T00:19:41","modified_gmt":"2025-05-10T04:19:41","slug":"ciclistas-de-la-region-destacaron-en-el-campeonato-nacional-realizado-en-concepcion","status":"publish","type":"post","link":"https:\/\/www.semanariolocal.cl\/?p=28646","title":{"rendered":"Ciclistas de la regi\u00f3n destacaron en el Campeonato Nacional"},"content":{"rendered":"\n<p><strong><mark style=\"background-color:#abb8c3\" class=\"has-inline-color has-white-color\">09 de Mayo del 2025.- <\/mark><\/strong> El ciclista osornino Vicente C\u00e1rdenas, integrante del Programa \u201cPromesas Chile\u201d del IND Los Lagos logr\u00f3 el tercer lugar en las pruebas de Gran Fondo y en la Contrarreloj Individual de la categor\u00eda Sub 23, del Campeonato Nacional de Ciclismo de Ruta efectuado en Concepci\u00f3n.<\/p>\n\n\n\n<p>Adem\u00e1s, el ciclista de Futaleuf\u00fa, Mart\u00edn C\u00e1rdenas de Patagonia Austral logr\u00f3 la medalla de plata en la categor\u00eda Juvenil varones de las pruebas Contrarreloj Individual y de Gran Fondo.<\/p>\n\n\n\n<p>Asimismo, los pedaleros El\u00edas S\u00e1nchez y Joaqu\u00edn Uribe del Club de Ciclismo Melipulli de Puerto Montt, consiguieron medallas de plata y bronce, respectivamente, en la prueba de Crono en la categor\u00eda Infantil.<\/p>\n\n\n\n<p>Mientras que Laura Vald\u00e9s y Joaqu\u00edn Uribe, ambos del Club Melipulli, terminaron cuartos en la competencia de Fondo de la categor\u00eda Juvenil damas y varones.<\/p>\n\n\n\n<p>En la categor\u00eda Elite el puertomontino Adri\u00e1n Alvarado lleg\u00f3 en la sexta posici\u00f3n.<\/p>\n\n\n\n<p>En t\u00e9rminos de balance, para el t\u00e9cnico del Club Melipulli, Luis Alvarado destac\u00f3 el desarrollo de este campeonato, mencionando que \u201cMe quedo igual con la satisfacci\u00f3n que vinieron muchos ciclistas, 430 de todo el pa\u00eds y lo otro, la imagen que me queda es que realmente el nivel ha sido muy bueno &nbsp;en todas las categor\u00edas. Nosotros como Club Ciclista Melipulli fue bastante positivo, trajimos varios ciclistas de categor\u00edas menores, igual sacamos una medalla de plata y una de bronce\u201d.<\/p>\n\n\n\n<p>Por otra parte, dos ciclistas del programa \u201cEntrenamiento Promesas Chile\u201d de la regi\u00f3n fueron seleccionadas para asistir del 12 al 18 de mayo a un concentrado nacional de ciclismo, que se realizar\u00e1 en el Campo de Deporte \u00d1ielol de Temuco, ellas son Francisca Jara, categor\u00eda Juvenil de Puerto Montt y Florencia Soto en la categor\u00eda Infantil de Osorno, cuyos entrenadores son Luis Alvarado y \u00d3scar \u00c1lvarez, respectivamente.<\/p>\n\n\n\n<p>El Director Regional del IND, Ernesto Villarroel, se refiri\u00f3 a esta participaci\u00f3n de deportista en un campeonato nacional, se\u00f1alando que \u201cEstamos contentos por la labor cumplida por nuestros competidores en Concepci\u00f3n, especialmente por nuestros deportistas del programa \u201cEntrenamiento Promesas Chile\u201d, porque mediante ello podemos identificar, desarrollar y apoyar a talentos deportivos, prepar\u00e1ndolos especialmente para competiciones del ciclo ol\u00edmpico y paral\u00edmpico. Adaptamos estrategias y recursos seg\u00fan las necesidades espec\u00edficas y realidades deportivas de la regi\u00f3n\u201d.<\/p>\n\n\n\n<p>La Seremi del Deporte, Anahis Arauz, precis\u00f3 que \u201cen la regi\u00f3n tenemos deportistas que apoyamos en competencias en las categor\u00edas Infantil y Juvenil, ya sea en las disciplinas de atletismo y ciclismo, donde mediante este programa se forma a los deportistas para que puedan ser parte de las selecciones nacionales adultas, con la misi\u00f3n de consolidar las expectativas de nuestros deportistas menores y as\u00ed promover el deporte competitivo en el pa\u00eds\u201d.<\/p>\n","protected":false},"excerpt":{"rendered":"<p>Ciclistas de la regi\u00f3n destacaron en el Campeonato Nacional de Ciclismo de Ruta realizado en Concepci\u00f3n.<\/p>\n","protected":false},"author":1,"featured_media":28647,"comment_status":"closed","ping_status":"closed","sticky":false,"template":"","format":"standard","meta":{"footnotes":""},"categories":[3,2434,2496,2483],"tags":[2118,4233,3729,59,337,3040,836,273,132,113,247,133],"class_list":["post-28646","post","type-post","status-publish","format-standard","has-post-thumbnail","hentry","category-al-dia","category-deporte","category-nacional","category-region","tag-semanariolocal","tag-campeonato-regional","tag-ciclismo","tag-ind","tag-informacion","tag-mindep-chile","tag-mindep-los-lagos","tag-noticias","tag-osorno","tag-puerto-montt","tag-region-de-los-lagos","tag-semanario-local"],"_links":{"self":[{"href":"https:\/\/www.semanariolocal.cl\/index.php?rest_route=\/wp\/v2\/posts\/28646","targetHints":{"allow":["GET"]}}],"collection":[{"href":"https:\/\/www.semanariolocal.cl\/index.php?rest_route=\/wp\/v2\/posts"}],"about":[{"href":"https:\/\/www.semanariolocal.cl\/index.php?rest_route=\/wp\/v2\/types\/post"}],"author":[{"embeddable":true,"href":"https:\/\/www.semanariolocal.cl\/index.php?rest_route=\/wp\/v2\/users\/1"}],"replies":[{"embeddable":true,"href":"https:\/\/www.semanariolocal.cl\/index.php?rest_route=%2Fwp%2Fv2%2Fcomments&post=28646"}],"version-history":[{"count":2,"href":"https:\/\/www.semanariolocal.cl\/index.php?rest_route=\/wp\/v2\/posts\/28646\/revisions"}],"predecessor-version":[{"id":28649,"href":"https:\/\/www.semanariolocal.cl\/index.php?rest_route=\/wp\/v2\/posts\/28646\/revisions\/28649"}],"wp:featuredmedia":[{"embeddable":true,"href":"https:\/\/www.semanariolocal.cl\/index.php?rest_route=\/wp\/v2\/media\/28647"}],"wp:attachment":[{"href":"https:\/\/www.semanariolocal.cl\/index.php?rest_route=%2Fwp%2Fv2%2Fmedia&parent=28646"}],"wp:term":[{"taxonomy":"category","embeddable":true,"href":"https:\/\/www.semanariolocal.cl\/index.php?rest_route=%2Fwp%2Fv2%2Fcategories&post=28646"},{"taxonomy":"post_tag","embeddable":true,"href":"https:\/\/www.semanariolocal.cl\/index.php?rest_route=%2Fwp%2Fv2%2Ftags&post=28646"}],"curies":[{"name":"wp","href":"https:\/\/api.w.org\/{rel}","templated":true}]}}