{"id":28643,"date":"2025-05-09T19:03:02","date_gmt":"2025-05-09T23:03:02","guid":{"rendered":"https:\/\/www.semanariolocal.cl\/?p=28643"},"modified":"2025-05-09T19:03:04","modified_gmt":"2025-05-09T23:03:04","slug":"junji-informa-cupos-disponibles-en-jardines-infantiles-de-la-region-de-los-lagos","status":"publish","type":"post","link":"https:\/\/www.semanariolocal.cl\/?p=28643","title":{"rendered":"Junji informa cupos disponibles en jardines infantiles de la regi\u00f3n de los lagos"},"content":{"rendered":"\n<p><strong><mark style=\"background-color:#abb8c3\" class=\"has-inline-color has-white-color\">09 de Mayo del 2025.-<\/mark><\/strong> La instituci\u00f3nhace un llamado a las familias a informarse por los canales oficiales sobre las vacantes con que cuentan actualmente los jardines infantiles JUNJI y donde los interesados puedan realizar este tr\u00e1mite v\u00eda online -a trav\u00e9s de la plataforma SIM Online-.<\/p>\n\n\n\n<p>En ese caso, se deber\u00e1 acceder al link de la p\u00e1gina web, en donde se\u00f1ala \u201cIngresar Nueva Inscripci\u00f3n\u201d y completar los datos del p\u00e1rvulo y antecedentes personales.&nbsp;<\/p>\n\n\n\n<p>En el caso de las postulaciones presenciales, \u00e9stas se pueden realizar en la oficina de la Direcci\u00f3n Regional, ubicada en Rengifo 830, en Puerto Montt, de lunes a jueves de 8.30 a 17.30 horas y los viernes, de 8.30 a 16.30 horas.<\/p>\n\n\n\n<p>Asimismo, est\u00e1n los contactos de atenci\u00f3n ciudadana SIAC Junji Los Lagos de Mar\u00eda Soledad Uribe, tel\u00e9fono 652 387 010 o correo electr\u00f3nico&nbsp;<a href=\"mailto:msuribe@junji.cl\" target=\"_blank\" rel=\"noreferrer noopener\"><em>msuribe@junji.cl<\/em><\/a><em>.<\/em><\/p>\n\n\n\n<p>El director regional (s) de JUNJI, Carlos Cea, extendi\u00f3 la invitaci\u00f3n a las familias&nbsp;m\u00e1s vulnerables y en donde el servicio p\u00fablico entrega una alternativa de atenci\u00f3n de calidad y bienestar integral, con estimulaci\u00f3n, ense\u00f1anza y aprendizaje temprano para ni\u00f1os y ni\u00f1as entre los 3 meses a 4 a\u00f1os.<\/p>\n\n\n\n<p>Estos son los recintos educativos parvularios que cuentan con cupos disponibles, especialmente, ubicado en los sectores de Rahue Alto -Osorno-; Alerce -Puerto Montt- y las comunas de Llanquihue y Ancud.<\/p>\n\n\n\n<p><strong>Provincia de Osorno<\/strong><\/p>\n\n\n\n<ul class=\"wp-block-list\">\n<li>Blanca Nieves y Los Siete Enanitos (Osorno): Cuba 1599 Poblaci\u00f3n Pedro Aguirre Cerda Rahue Alto.<\/li>\n\n\n\n<li>Pisatraiguen (Osorno): Calle Monte Verde 1930 Sector Pisatraiguen.<\/li>\n\n\n\n<li>Relmu Fentren (Osorno): Guillermo Schencke N 790, Rahue Alto.<\/li>\n\n\n\n<li>Semillas de Amor (Osorno): Panguimapu 2890 Villa Lololhue, 5to Centenario.<\/li>\n\n\n\n<li>Sue\u00f1os M\u00e1gicos (Osorno): Avda. Pacifico 1369, Rahue Alto.<\/li>\n\n\n\n<li>Lluvia de Estrellas (Osorno): Pasaje La Cumbre 2180 Villa Cautin, 5to Centenario.<\/li>\n\n\n\n<li>Aukantuwe (Osorno): Sta. Rosa De Lima 2087, Poblaci\u00f3n Schilling.<\/li>\n\n\n\n<li>Bosque de Colores (Osorno): Con Con 650 Sector Chuyaca.<\/li>\n\n\n\n<li>Estrellita (Osorno):\u00a0Pasaje Hugo Aubel 1811 Pob.Las Vegas Rahue Alto<\/li>\n\n\n\n<li>Peque\u00f1os Pasos (Osorno):\u00a0Calle Pichimpulli 2450 Villa Atlantico.<\/li>\n\n\n\n<li>Che Mongen (Oosrno):\u00a0Wenumapu 2544 Villa Quilacahuin, 5To Centenario.<\/li>\n\n\n\n<li>Amancay (Rio Negro): Valparaiso Esq. Cauquenes Poblaci\u00f3n Alcalde Hubach.<\/li>\n<\/ul>\n\n\n\n<p><strong>Provincia de Llanquihue<\/strong><\/p>\n\n\n\n<ul class=\"wp-block-list\">\n<li>Senderos de Luz (Puerto Montt): Puerto Cisnes 1007, Avenida Norte Sur, Altos De Alerce.<\/li>\n\n\n\n<li>Castillo de Ilusi\u00f3n (Puerto Montt): Solo cupos en nivel sala cuna mayor<\/li>\n\n\n\n<li>Navegando Sonrisas (Puerto Montt): Calle Transversal 4 C Transversal 3 S\/N, Alerce<\/li>\n\n\n\n<li>Entre Cerros Rios (Maull\u00edn): Calle Berta Reyes Esq.San Pedro S\/N Poblaci\u00f3n Ten Ten.<\/li>\n\n\n\n<li>Los Volcanes (Llanquihue): Avda. Los Volcanes S\/N.<\/li>\n\n\n\n<li>Gotitas de Laguna (Llanquihue): Erardo Werner 642.<\/li>\n\n\n\n<li>Mapu Aliwen: (Llanquihue): Sargento Aldea S\/N, Sector Pellines.<\/li>\n<\/ul>\n\n\n\n<p><strong>Provincia de Chilo\u00e9<\/strong><\/p>\n\n\n\n<ul class=\"wp-block-list\">\n<li>Piol\u00edn (Ancud): Gabriela Mistral 20 Poblaci\u00f3n In\u00e9s de Baz\u00e1n.<\/li>\n\n\n\n<li>Semillitas Chilotas (Ancud): Poeta Francisco Javier Cavada N\u00b02700, Villa Las Artes.<\/li>\n\n\n\n<li>Raimapu (Castro): Av. Galvarino Riveros 2019-A.\u00a0Solo cupos en niveles medio.<\/li>\n<\/ul>\n","protected":false},"excerpt":{"rendered":"<p>Unas 400 vacantes ofrecen en este periodo del a\u00f1o los establecimientos de educaci\u00f3n parvularia.<\/p>\n","protected":false},"author":1,"featured_media":28644,"comment_status":"closed","ping_status":"closed","sticky":false,"template":"","format":"standard","meta":{"footnotes":""},"categories":[3,11,3608,3528],"tags":[4232,337,35,349,348,273,247,133],"class_list":["post-28643","post","type-post","status-publish","format-standard","has-post-thumbnail","hentry","category-al-dia","category-educacion","category-estado","category-servicios-publicos","tag-cupos-disponibles","tag-informacion","tag-junji","tag-junji-chile","tag-junji-los-lagos","tag-noticias","tag-region-de-los-lagos","tag-semanario-local"],"_links":{"self":[{"href":"https:\/\/www.semanariolocal.cl\/index.php?rest_route=\/wp\/v2\/posts\/28643","targetHints":{"allow":["GET"]}}],"collection":[{"href":"https:\/\/www.semanariolocal.cl\/index.php?rest_route=\/wp\/v2\/posts"}],"about":[{"href":"https:\/\/www.semanariolocal.cl\/index.php?rest_route=\/wp\/v2\/types\/post"}],"author":[{"embeddable":true,"href":"https:\/\/www.semanariolocal.cl\/index.php?rest_route=\/wp\/v2\/users\/1"}],"replies":[{"embeddable":true,"href":"https:\/\/www.semanariolocal.cl\/index.php?rest_route=%2Fwp%2Fv2%2Fcomments&post=28643"}],"version-history":[{"count":1,"href":"https:\/\/www.semanariolocal.cl\/index.php?rest_route=\/wp\/v2\/posts\/28643\/revisions"}],"predecessor-version":[{"id":28645,"href":"https:\/\/www.semanariolocal.cl\/index.php?rest_route=\/wp\/v2\/posts\/28643\/revisions\/28645"}],"wp:featuredmedia":[{"embeddable":true,"href":"https:\/\/www.semanariolocal.cl\/index.php?rest_route=\/wp\/v2\/media\/28644"}],"wp:attachment":[{"href":"https:\/\/www.semanariolocal.cl\/index.php?rest_route=%2Fwp%2Fv2%2Fmedia&parent=28643"}],"wp:term":[{"taxonomy":"category","embeddable":true,"href":"https:\/\/www.semanariolocal.cl\/index.php?rest_route=%2Fwp%2Fv2%2Fcategories&post=28643"},{"taxonomy":"post_tag","embeddable":true,"href":"https:\/\/www.semanariolocal.cl\/index.php?rest_route=%2Fwp%2Fv2%2Ftags&post=28643"}],"curies":[{"name":"wp","href":"https:\/\/api.w.org\/{rel}","templated":true}]}}