{"id":28615,"date":"2025-05-07T08:15:00","date_gmt":"2025-05-07T12:15:00","guid":{"rendered":"https:\/\/www.semanariolocal.cl\/?p=28615"},"modified":"2025-05-07T23:04:35","modified_gmt":"2025-05-08T03:04:35","slug":"seminario-abordo-desafios-y-experiencias-en-sistemas-de-ordena-robotica","status":"publish","type":"post","link":"https:\/\/www.semanariolocal.cl\/?p=28615","title":{"rendered":"Seminario abord\u00f3 desaf\u00edos y experiencias en sistemas de orde\u00f1a rob\u00f3tica"},"content":{"rendered":"\n<p><strong><mark style=\"background-color:#abb8c3\" class=\"has-inline-color has-white-color\">07 de mayo del 2025.-<\/mark><\/strong> El Instituto de Investigaciones Agropecuarias (INIA) y DeLaval organizaron un seminario enfocado en las \u00faltimas tendencias y experiencias en lecher\u00edas robotizadas, tambi\u00e9n llamados sistemas de orde\u00f1o voluntario.<\/p>\n\n\n\n<p>En la oportunidad Sergio Iraira, investigador de INIA, expuso sobre la transici\u00f3n del orde\u00f1o convencional al orde\u00f1o rob\u00f3tico, dando a conocer resultados de investigaci\u00f3n en la lecher\u00eda de INIA Remehue, la \u00fanica destinada a investigaci\u00f3n, capacitaci\u00f3n y extensi\u00f3n en sistemas pastoriles en Chile.<\/p>\n\n\n\n<p>\u201cEn esta jornada hemos presentado algunos resultados de investigaci\u00f3n que hemos generado en sistemas de orde\u00f1a voluntaria en sistemas pastoriles. Est\u00e1 la experiencia que hemos tenido como centro de investigaci\u00f3n durante 4 o 5 a\u00f1os y en donde hemos entregado algunos puntos que son relevantes de considerar al momento de implementar una lecher\u00eda de este tipo\u201d.<\/p>\n\n\n\n<p>A\u00f1adi\u00f3 que su exposici\u00f3n se ha complementado muy bien con la presentaci\u00f3n de un productor lechero que lleva m\u00e1s de 10 a\u00f1os con este sistema. \u201c\u00c9l ha entregado su experiencia, sus datos productivos y econ\u00f3micos, de manera que los interesados en esta tecnolog\u00eda tienen una visi\u00f3n un poco m\u00e1s global de c\u00f3mo implementar una lecher\u00eda de orde\u00f1a voluntaria bajo un dise\u00f1o pastoril\u201d.<\/p>\n\n\n\n<p>Luego de la exposici\u00f3n del investigador de INIA, el productor lechero Pablo Coquelet, pionero en incorporar esta tecnolog\u00eda, comparti\u00f3 sus conocimientos sobre el orde\u00f1o rob\u00f3tico en sistemas de pastoreo.<\/p>\n\n\n\n<p>\u201cEmpec\u00e9 el a\u00f1o 2014, fui el primero de tal manera que muchas cosas las fuimos haciendo en la medida que fuimos aprendiendo del sistema. Ahora yo dir\u00eda que es un sistema extraordinariamente bueno, que se independiza un poco de la mano de obra, de la gente, un sistema que funciona, la vaca est\u00e1 mucho m\u00e1s tranquila, mucho m\u00e1s d\u00f3cil y para la gente que trabaja en ella es un ambiente laboral que mejora fuertemente ese aspecto\u201d, indic\u00f3.<\/p>\n\n\n\n<p>Eduardo Skewes, de L\u00e1cteos San Sebasti\u00e1n, present\u00f3 su experiencia de orde\u00f1o robotizado en una lecher\u00eda estabulada, mientras que Francois Codjambassis, administrador de Agr\u00edcola El Pilar de La Uni\u00f3n, habl\u00f3 sobre la transici\u00f3n de la pradera al patio de estabulaci\u00f3n.<\/p>\n\n\n\n<p>Finalmente, Enrique Bombal, Gerente de Desarrollo de Mercado Regional de la empresa DeLaval, present\u00f3 los indicadores claves para sistemas de orde\u00f1o rob\u00f3tico, entregando antecedentes valiosos para el bienestar animal y la producci\u00f3n lechera sostenible.<\/p>\n\n\n\n<p>Felipe Aceituno, director de DeLaval para Chile, Per\u00fa, Bolivia y Ecuador, destac\u00f3 la alta convocatoria que tuvo esta actividad. \u201cLa verdad que ha salido incre\u00edble, un mont\u00f3n de gente que asisti\u00f3, es un evento que organizamos junto a INIA, nuestro socio, donde tenemos dos instalaciones, una lecher\u00eda convencional hace muchos a\u00f1os y una rob\u00f3tica, y donde, en el fondo, estamos de alguna manera celebrando los 11 a\u00f1os del sistema rob\u00f3tico en Chile\u201d.<\/p>\n\n\n\n<p>A\u00f1adi\u00f3 que el objetivo fue compartir las experiencias que hemos tenido con nuestros productores. Tuvimos tres presentaciones de tres productores muy destacados, m\u00e1s una presentaci\u00f3n de Sergio Iraira de INIA y Enrique Bombal de DeLaval con una mirada profunda en indicadores productivos que hoy nos entrega la tecnolog\u00eda. Y con esto estamos seguros de que vamos a seguir contribuyendo al desarrollo de la producci\u00f3n lechera que es parte muy importante de nuestra misi\u00f3n.<\/p>\n\n\n\n<p>Por su parte, Claudio Salas, subdirector regional de I+D de INIA Remehue, valor\u00f3 la alianza entre el INIA y DeLaval para impulsar esta tecnolog\u00eda, mostrar datos y recibir en forma permanente a m\u00e1s de 15.000 personas cada a\u00f1o, en especial estudiantes y futuros profesionales del agro, as\u00ed como productores lecheros, asesores t\u00e9cnicos y autoridades que visitan las lecher\u00edas y este centro de investigaci\u00f3n.<\/p>\n","protected":false},"excerpt":{"rendered":"<p>A casi 11 a\u00f1os de la instalaci\u00f3n de las primeras 2 lecher\u00edas robotizadas en Chile, DeLaval junto a INIA organizaron un evento para mostrar la experiencia de tres productores y la visi\u00f3n de dos especialistas en investigaci\u00f3n, producci\u00f3n y bienestar animal.<\/p>\n","protected":false},"author":1,"featured_media":28616,"comment_status":"closed","ping_status":"closed","sticky":false,"template":"","format":"standard","meta":{"footnotes":""},"categories":[20,3846,3856,3801,2483],"tags":[2118,337,557,273,247,133],"class_list":["post-28615","post","type-post","status-publish","format-standard","has-post-thumbnail","hentry","category-agro","category-industria-agricola","category-industria-lactea","category-produccion","category-region","tag-semanariolocal","tag-informacion","tag-inia","tag-noticias","tag-region-de-los-lagos","tag-semanario-local"],"_links":{"self":[{"href":"https:\/\/www.semanariolocal.cl\/index.php?rest_route=\/wp\/v2\/posts\/28615","targetHints":{"allow":["GET"]}}],"collection":[{"href":"https:\/\/www.semanariolocal.cl\/index.php?rest_route=\/wp\/v2\/posts"}],"about":[{"href":"https:\/\/www.semanariolocal.cl\/index.php?rest_route=\/wp\/v2\/types\/post"}],"author":[{"embeddable":true,"href":"https:\/\/www.semanariolocal.cl\/index.php?rest_route=\/wp\/v2\/users\/1"}],"replies":[{"embeddable":true,"href":"https:\/\/www.semanariolocal.cl\/index.php?rest_route=%2Fwp%2Fv2%2Fcomments&post=28615"}],"version-history":[{"count":1,"href":"https:\/\/www.semanariolocal.cl\/index.php?rest_route=\/wp\/v2\/posts\/28615\/revisions"}],"predecessor-version":[{"id":28617,"href":"https:\/\/www.semanariolocal.cl\/index.php?rest_route=\/wp\/v2\/posts\/28615\/revisions\/28617"}],"wp:featuredmedia":[{"embeddable":true,"href":"https:\/\/www.semanariolocal.cl\/index.php?rest_route=\/wp\/v2\/media\/28616"}],"wp:attachment":[{"href":"https:\/\/www.semanariolocal.cl\/index.php?rest_route=%2Fwp%2Fv2%2Fmedia&parent=28615"}],"wp:term":[{"taxonomy":"category","embeddable":true,"href":"https:\/\/www.semanariolocal.cl\/index.php?rest_route=%2Fwp%2Fv2%2Fcategories&post=28615"},{"taxonomy":"post_tag","embeddable":true,"href":"https:\/\/www.semanariolocal.cl\/index.php?rest_route=%2Fwp%2Fv2%2Ftags&post=28615"}],"curies":[{"name":"wp","href":"https:\/\/api.w.org\/{rel}","templated":true}]}}