{"id":28590,"date":"2025-05-06T08:00:00","date_gmt":"2025-05-06T12:00:00","guid":{"rendered":"https:\/\/www.semanariolocal.cl\/?p=28590"},"modified":"2025-05-06T22:39:16","modified_gmt":"2025-05-07T02:39:16","slug":"educacion-superior-al-servicio-del-desarrollo-local","status":"publish","type":"post","link":"https:\/\/www.semanariolocal.cl\/?p=28590","title":{"rendered":"Educaci\u00f3n Superior al servicio del desarrollo local"},"content":{"rendered":"\n<p><strong><mark style=\"background-color:#abb8c3\" class=\"has-inline-color has-white-color\">06 de mayo del 2025.- <\/mark><\/strong>As\u00ed lo plantea el soci\u00f3logo portugu\u00e9s Boaventura de Sousa Santos, en su obra \u201cLa universidad en el siglo XXI: para una reforma democr\u00e1tica y emancipadora de la universidad (2005)\u201d. Desde su perspectiva cr\u00edtica, la educaci\u00f3n superior no puede estar ajena a los desaf\u00edos del entorno, sino que debe ser parte activa de su transformaci\u00f3n.<\/p>\n\n\n\n<p>En un contexto de profundas transformaciones sociales, econ\u00f3micas y ambientales, la vinculaci\u00f3n con el medio se consolida como un eje clave del quehacer de la educaci\u00f3n superior en Chile.<\/p>\n\n\n\n<p>M\u00e1s all\u00e1 de formar profesionales, las universidades, institutos profesionales y centros de formaci\u00f3n t\u00e9cnica tienen hoy la responsabilidad de actuar como agentes activos del desarrollo local, generando conocimiento pertinente, aplicable y compartido con los territorios que los acogen.<\/p>\n\n\n\n<p>La provincia de Osorno no est\u00e1 ajena a estos desaf\u00edos. Las brechas en el acceso a servicios, las demandas por mayor equidad territorial, el fortalecimiento del tejido social y la necesidad de sostenibilidad requieren respuestas colaborativas, innovadoras y contextualizadas.<\/p>\n\n\n\n<p>En este escenario, la vinculaci\u00f3n entre instituciones de educaci\u00f3n superior, organismos p\u00fablicos, privados y los medios de comunicaci\u00f3n (incluyendo televisi\u00f3n, radio y plataformas digitales), se vuelve no solo estrat\u00e9gica, sino urgente.<\/p>\n\n\n\n<p>Los medios cumplen un rol clave en visibilizar las iniciativas, promover el di\u00e1logo social, educar en ciudadan\u00eda y fortalecer el sentido de comunidad. Su labor complementa y potencia los esfuerzos de la academia y las organizaciones territoriales, ayudando a crear una narrativa com\u00fan sobre los desaf\u00edos y oportunidades del territorio.<\/p>\n\n\n\n<p>Estas alianzas permiten impulsar proyectos que nacen del di\u00e1logo y la co-construcci\u00f3n: operativos comunitarios, diagn\u00f3sticos territoriales, capacitaci\u00f3n a organizaciones sociales, asesor\u00edas t\u00e9cnicas, actividades educativas, entre otros.<\/p>\n\n\n\n<p>Pero m\u00e1s all\u00e1 de la ejecuci\u00f3n de acciones, lo relevante es el valor bidireccional de estos v\u00ednculos. Mientras las instituciones acad\u00e9micas enriquecen su quehacer con el conocimiento y experiencia del territorio, las comunidades y organizaciones acceden a herramientas, saberes y acompa\u00f1amiento t\u00e9cnico que fortalecen su capacidad de acci\u00f3n.<\/p>\n\n\n\n<p>Por eso, este art\u00edculo es tambi\u00e9n una convocatoria abierta a los municipios, servicios p\u00fablicos, empresas locales, fundaciones, organizaciones sociales y medios de comunicaci\u00f3n a seguir construyendo redes de colaboraci\u00f3n con las casas de estudio del territorio, a confiar en el trabajo conjunto, a imaginar soluciones compartidas que permitan abordar las problem\u00e1ticas locales desde una mirada integral, con foco en las personas y el bien com\u00fan.<\/p>\n\n\n\n<p>Trabajar mancomunadamente no s\u00f3lo mejora la calidad de vida de las comunidades, sino que tambi\u00e9n genera confianza, sentido de pertenencia y compromiso con el desarrollo local. &nbsp;La educaci\u00f3n superior tiene el deber y la oportunidad de ser un puente entre el conocimiento y la acci\u00f3n, entre el aprendizaje y la transformaci\u00f3n social.<\/p>\n\n\n\n<p>Hoy, m\u00e1s que nunca, necesitamos fortalecer esta alianza, porque uniendo saberes, esfuerzos y voluntades podremos avanzar hacia una provincia de Osorno m\u00e1s justa, participativa y resiliente.<\/p>\n\n\n\n<p><strong>Erwin Moreira Silva &#8211; Coordinador Vinculaci\u00f3n con el Medio IP-CFT &#8211; Santo Tom\u00e1s Osorno<\/strong><\/p>\n","protected":false},"excerpt":{"rendered":"<p>\u201cLa universidad, debe ser entendida como una instituci\u00f3n p\u00fablica, incluso cuando sea privada, en la medida en que cumple una funci\u00f3n social insustituible en la producci\u00f3n y democratizaci\u00f3n del conocimiento\u201d.<\/p>\n","protected":false},"author":1,"featured_media":28591,"comment_status":"closed","ping_status":"closed","sticky":false,"template":"","format":"standard","meta":{"footnotes":""},"categories":[3,11,7],"tags":[2118,3003,337,3792,273,247,74,2359,133],"class_list":["post-28590","post","type-post","status-publish","format-standard","has-post-thumbnail","hentry","category-al-dia","category-educacion","category-opinion","tag-semanariolocal","tag-erwin-moreira-silva","tag-informacion","tag-ip-cft-santo-tomas","tag-noticias","tag-region-de-los-lagos","tag-santo-tomas-2","tag-santo-tomas-osorno","tag-semanario-local"],"_links":{"self":[{"href":"https:\/\/www.semanariolocal.cl\/index.php?rest_route=\/wp\/v2\/posts\/28590","targetHints":{"allow":["GET"]}}],"collection":[{"href":"https:\/\/www.semanariolocal.cl\/index.php?rest_route=\/wp\/v2\/posts"}],"about":[{"href":"https:\/\/www.semanariolocal.cl\/index.php?rest_route=\/wp\/v2\/types\/post"}],"author":[{"embeddable":true,"href":"https:\/\/www.semanariolocal.cl\/index.php?rest_route=\/wp\/v2\/users\/1"}],"replies":[{"embeddable":true,"href":"https:\/\/www.semanariolocal.cl\/index.php?rest_route=%2Fwp%2Fv2%2Fcomments&post=28590"}],"version-history":[{"count":2,"href":"https:\/\/www.semanariolocal.cl\/index.php?rest_route=\/wp\/v2\/posts\/28590\/revisions"}],"predecessor-version":[{"id":28593,"href":"https:\/\/www.semanariolocal.cl\/index.php?rest_route=\/wp\/v2\/posts\/28590\/revisions\/28593"}],"wp:featuredmedia":[{"embeddable":true,"href":"https:\/\/www.semanariolocal.cl\/index.php?rest_route=\/wp\/v2\/media\/28591"}],"wp:attachment":[{"href":"https:\/\/www.semanariolocal.cl\/index.php?rest_route=%2Fwp%2Fv2%2Fmedia&parent=28590"}],"wp:term":[{"taxonomy":"category","embeddable":true,"href":"https:\/\/www.semanariolocal.cl\/index.php?rest_route=%2Fwp%2Fv2%2Fcategories&post=28590"},{"taxonomy":"post_tag","embeddable":true,"href":"https:\/\/www.semanariolocal.cl\/index.php?rest_route=%2Fwp%2Fv2%2Ftags&post=28590"}],"curies":[{"name":"wp","href":"https:\/\/api.w.org\/{rel}","templated":true}]}}