{"id":28584,"date":"2025-05-06T19:10:00","date_gmt":"2025-05-06T23:10:00","guid":{"rendered":"https:\/\/www.semanariolocal.cl\/?p=28584"},"modified":"2025-05-06T22:01:50","modified_gmt":"2025-05-07T02:01:50","slug":"infancia-hiperconectada-los-datos-que-interpelan-la-educacion-y-la-familia-chilena","status":"publish","type":"post","link":"https:\/\/www.semanariolocal.cl\/?p=28584","title":{"rendered":"Infancia hiperconectada: los datos que interpelan la educaci\u00f3n y la familia chilena"},"content":{"rendered":"\n<p><strong><mark style=\"background-color:#abb8c3\" class=\"has-inline-color has-white-color\"> 06 de abril del 2025.- <\/mark><\/strong> La octava edici\u00f3n de la&nbsp;<a href=\"https:\/\/www.clarochile.cl\/portal\/cl\/recursos_contenido\/pdf\/1740414684180-informe-radiografia-digital-nna-2025.pdf\" target=\"_blank\" rel=\"noreferrer noopener\">\u201cRadiograf\u00eda Digital de Ni\u00f1os, Ni\u00f1as y Adolescentes 2025\u201d<\/a>, realizada por Claro Chile y Criteria, que encuest\u00f3 a 1.577 menores de entre 8 y 17 a\u00f1os, destaca que el 31% utiliza dispositivos electr\u00f3nicos antes de los 5 a\u00f1os, y m\u00e1s de la mitad lo hace antes de los 7 a\u00f1os. Adem\u00e1s, el 38% de los encuestados supera las 4 horas diarias de conexi\u00f3n que suelen aumentar los fines de semana con motivaciones asociadas al ocio y entretenimiento, por encima de intereses educativos.<\/p>\n\n\n\n<p>La jefa de carrera de&nbsp;<a href=\"https:\/\/www.uoh.cl\/escuela-de-educacion\/carreras\/pedagogia-en-educacion-parvularia\/\" target=\"_blank\" rel=\"noreferrer noopener\">Pedagog\u00eda en Educaci\u00f3n Parvularia<\/a>&nbsp;de la&nbsp;<a href=\"https:\/\/www.uoh.cl\/\" target=\"_blank\" rel=\"noreferrer noopener\">Universidad de O\u2019Higgins<\/a>, Constanza Cort\u00e9s Galleguillos, analiza estos datos desde una mirada cr\u00edtica y reflexiva, abordando propuestas para una cultura digital responsable, considerando que la relaci\u00f3n entre infancia y tecnolog\u00eda est\u00e1 cada vez m\u00e1s presente en las familias chilenas, lo que a su juicio requiere soluciones urgentes a nivel escolar y estatal que respondan antes esta infancia hiperconectada.<\/p>\n\n\n\n<p>La docente explica que las ni\u00f1as y ni\u00f1os, si bien est\u00e1n creciendo en entornos mediados por la tecnolog\u00eda que representan oportunidades para su desarrollo cognitivo, tambi\u00e9n implican enormes riesgos en materia de consumos de contenido y tiempos de exposici\u00f3n. \u201cDesde el Estado, es fundamental establecer pol\u00edticas p\u00fablicas integrales que promuevan la alfabetizaci\u00f3n digital, el uso \u00e9tico de la tecnolog\u00eda y la protecci\u00f3n de la ni\u00f1ez ante contenidos inapropiados. Debemos pensar una educaci\u00f3n digital que comience desde la primera infancia y que no se limite a aprender a usar dispositivos, sino que forme personas conscientes de su huella digital y de los v\u00ednculos que establecen en el mundo virtual\u201d.<\/p>\n\n\n\n<p><strong>Recuperar el v\u00ednculo<\/strong><\/p>\n\n\n\n<p>La experta en educaci\u00f3n Parvularia propone establecer normas claras y coherentes en el plano familiar, como definir horarios, espacios libres de dispositivos, momentos de desconexi\u00f3n y priorizar actividades compartidas. Adem\u00e1s, sugiere fomentar espacios de conversaci\u00f3n donde los hijos e hijas puedan expresar sus intereses digitales, pero tambi\u00e9n dialogar sobre los peligros del mundo virtual y c\u00f3mo abordarlos juntos, especialmente cuando el estudio tambi\u00e9n ofreci\u00f3 datos reveladores donde los menores reconocen que sus padres se mantienen permanentemente conectados al celular.<\/p>\n\n\n\n<p>\u201cEsto \u00faltimo, no solo reafirma conductas, sino que invisibiliza momentos de conexi\u00f3n afectiva esenciales para el desarrollo socioemocional. No podemos exigir a ni\u00f1os(as) y adolescentes que no pasen conectados a dispositivos m\u00f3viles, si como adultos no tenemos un uso responsable de nuestros propios celulares. Si pasamos largas horas revisando el correo, redes sociales o viendo contenido sin pausa, estamos ense\u00f1ando con el ejemplo que lo digital tiene m\u00e1s peso que el v\u00ednculo real y emocional. Esta desconexi\u00f3n es uno de los efectos m\u00e1s preocupantes del uso excesivo de pantallas\u201d, se\u00f1ala la especialista en neurociencia.<\/p>\n\n\n\n<p><strong>Educaci\u00f3n digital<\/strong><\/p>\n\n\n\n<p>Otras de las preocupaciones que advierte Cort\u00e9s Galleguillos en esta \u201cRadiograf\u00eda Digital\u201d, es el hecho de que el 24% de los menores declararon haber sido v\u00edctima o victimario de ciberacoso, dejando a la luz la otra cara de la hiperconectividad: \u201cla vulnerabilidad digital\u201d. A esto se suma que, ni\u00f1os y ni\u00f1as de 9,7 a\u00f1os de edad promedio, no s\u00f3lo cuentan con sus propios dispositivos m\u00f3viles, sino que experimentan herramientas de inteligencia artificial (IA) sin una gu\u00eda formativa s\u00f3lida, dej\u00e1ndoles a expensas de acosos virtuales o en l\u00ednea, seg\u00fan aprecia la experta. &nbsp;<\/p>\n\n\n\n<p>\u201cLa inclusi\u00f3n de dispositivos y el uso de la inteligencia artificial debe abordarse con una mirada cr\u00edtica e informada. No se trata de prohibir, sino de acompa\u00f1ar, educar en el marco de una autorregulaci\u00f3n que permita generar conciencia en ni\u00f1os y ni\u00f1as sobre el impacto emocional, relacional y cognitivo que tiene el uso constante de pantallas, en medio de una creciente evoluci\u00f3n de las IA, donde el riesgo de acoso en l\u00ednea forma parte de las amenazas de este nuevo ecosistema digital\u201d.<\/p>\n\n\n\n<p><strong>Urgencia intersectorial<\/strong><\/p>\n\n\n\n<p>La profesora refiere que ante estas evidencias no hay lugar a la improvisaci\u00f3n, sino para respuestas concretas e intersectoriales donde el Estado, la escuela y las empresas tecnol\u00f3gicas trabajen de manera conjunta en la soluci\u00f3n del problema. \u201cEs urgente avanzar hacia una cultura digital responsable, donde la tecnolog\u00eda est\u00e9 al servicio del desarrollo humano y no como un fin en s\u00ed mismo. El mundo digital lleg\u00f3 para quedarse, pero nos toca a los adultos, decidir c\u00f3mo acompa\u00f1amos ese viaje de crecimiento en ni\u00f1os y ni\u00f1as desde una mirada consciente, cuidadosa y protectora\u201d, concluye la educadora en p\u00e1rvulos UOH.<\/p>\n","protected":false},"excerpt":{"rendered":"<p> La edad promedio para obtener el primer tel\u00e9fono celular en Chile es de 9,7 a\u00f1os, siendo esto un factor determinante que invita a repensar el uso temprano de las tecnolog\u00edas m\u00f3viles.<\/p>\n","protected":false},"author":1,"featured_media":28585,"comment_status":"closed","ping_status":"closed","sticky":false,"template":"","format":"standard","meta":{"footnotes":""},"categories":[3,3558,11,4161,2514],"tags":[2118,337,273,247,133,2105,176],"class_list":["post-28584","post","type-post","status-publish","format-standard","has-post-thumbnail","hentry","category-al-dia","category-cronica","category-educacion","category-familia","category-tecnologia","tag-semanariolocal","tag-informacion","tag-noticias","tag-region-de-los-lagos","tag-semanario-local","tag-universidad-bernardo-ohiggins","tag-uoh"],"_links":{"self":[{"href":"https:\/\/www.semanariolocal.cl\/index.php?rest_route=\/wp\/v2\/posts\/28584","targetHints":{"allow":["GET"]}}],"collection":[{"href":"https:\/\/www.semanariolocal.cl\/index.php?rest_route=\/wp\/v2\/posts"}],"about":[{"href":"https:\/\/www.semanariolocal.cl\/index.php?rest_route=\/wp\/v2\/types\/post"}],"author":[{"embeddable":true,"href":"https:\/\/www.semanariolocal.cl\/index.php?rest_route=\/wp\/v2\/users\/1"}],"replies":[{"embeddable":true,"href":"https:\/\/www.semanariolocal.cl\/index.php?rest_route=%2Fwp%2Fv2%2Fcomments&post=28584"}],"version-history":[{"count":1,"href":"https:\/\/www.semanariolocal.cl\/index.php?rest_route=\/wp\/v2\/posts\/28584\/revisions"}],"predecessor-version":[{"id":28586,"href":"https:\/\/www.semanariolocal.cl\/index.php?rest_route=\/wp\/v2\/posts\/28584\/revisions\/28586"}],"wp:featuredmedia":[{"embeddable":true,"href":"https:\/\/www.semanariolocal.cl\/index.php?rest_route=\/wp\/v2\/media\/28585"}],"wp:attachment":[{"href":"https:\/\/www.semanariolocal.cl\/index.php?rest_route=%2Fwp%2Fv2%2Fmedia&parent=28584"}],"wp:term":[{"taxonomy":"category","embeddable":true,"href":"https:\/\/www.semanariolocal.cl\/index.php?rest_route=%2Fwp%2Fv2%2Fcategories&post=28584"},{"taxonomy":"post_tag","embeddable":true,"href":"https:\/\/www.semanariolocal.cl\/index.php?rest_route=%2Fwp%2Fv2%2Ftags&post=28584"}],"curies":[{"name":"wp","href":"https:\/\/api.w.org\/{rel}","templated":true}]}}