{"id":28540,"date":"2025-05-02T19:08:58","date_gmt":"2025-05-02T23:08:58","guid":{"rendered":"https:\/\/www.semanariolocal.cl\/?p=28540"},"modified":"2025-05-02T19:09:00","modified_gmt":"2025-05-02T23:09:00","slug":"cientifico-explica-por-que-es-tan-inusual-el-terremoto-que-hubo-en-magallanes","status":"publish","type":"post","link":"https:\/\/www.semanariolocal.cl\/?p=28540","title":{"rendered":"Cient\u00edfico explica por qu\u00e9 es tan inusual el terremoto que hubo en Magallanes"},"content":{"rendered":"\n<p><strong><mark style=\"background-color:#abb8c3\" class=\"has-inline-color has-white-color\">02 de Mayo del 2025.- <\/mark><\/strong>El terremoto de magnitud 7,6 grados Richter que afect\u00f3 este viernes 2 de mayo a la regi\u00f3n de Magallanes reviste caracter\u00edsticas poco habituales, explica el director de Geolog\u00eda de la Facultad de Ingenier\u00eda de la Universidad Andr\u00e9s Bello, Crist\u00f3bal Ram\u00edrez de Arellano<\/p>\n\n\n\n<p>\u201cEl terremoto es bastante particular porque ocurre en una zona donde no suelen ocurrir, que es la Patagonia, y m\u00e1s a\u00fan, dentro de la Patagonia tampoco hab\u00eda mayores registros donde ocurri\u00f3 el terremoto de hoy. B\u00e1sicamente, lo que ocurre en Chile es que la mayor\u00eda de los terremotos est\u00e1n asociados a la subducci\u00f3n de la placa de Nazca, hablamos del centro, norte y sur hasta, m\u00e1s o menos, Chilo\u00e9 continental. En cambio, en la Patagonia, y para ser m\u00e1s preciso, al sur de la pen\u00ednsula de Taitao, donde se est\u00e1 subductando el punto triple entre tres placas tect\u00f3nicas, la de Sudam\u00e9rica, y dos placas oce\u00e1nicas, que son la de nazca y la de Ant\u00e1rtica. Al sur de ese punto, m\u00e1s o menos donde est\u00e1 Cochrane, Campo de Hielo Norte, se empieza a subductar la placa Ant\u00e1rtica a una velocidad mucho menor de lo que lo hace la Placa de Nazca hacia el norte. Por lo tanto, suelen haber menos terremoto y de menor intensidad\u201d, explica el doctor en Geolog\u00eda.<\/p>\n\n\n\n<p>El profesor Ram\u00edrez recuerda que, de hecho, en la regi\u00f3n de Magallanes los terremotos hist\u00f3ricos que se conocen son escasos. El \u00faltimo gran terremoto es de 1949 y antes de eso hubo otro en 1800. El investigador de la UNAB y presidente de la Sociedad Geol\u00f3gica dice que a esos terremotos se los hab\u00eda asociado a otra gran falla que es una falla que corta el continente, Magallanes Fagnano, que es el lago que est\u00e1 en Tierra del Fuego.<\/p>\n\n\n\n<p><strong>Pocos registros<\/strong><\/p>\n\n\n\n<p>Ram\u00edrez de Arellano explica que esta es una falla que pone en contacto dos placas continentales, la Sudamericana hacia el norte y la placa de Scotia hacia el sur.<\/p>\n\n\n\n<p>\u201cEl terremoto de hoy no ocurre en ese lugar, ocurre en un lugar donde no hab\u00eda registro de mayores terremotos, y esta es la misma zona de subducci\u00f3n que sigue hacia el sur, como hacia la Ant\u00e1rtida, y despu\u00e9s se transforma en otro tipo de falla que no es una falla en subducci\u00f3n, sino que es una falla transformante. Una falla donde ambos bloques no se meten uno debajo del otro, sino que se mueven roz\u00e1ndose. Estas fallas se denominan transcurrentes\u201d, dice.<\/p>\n\n\n\n<p><strong>Informaci\u00f3n valiosa para la comunidad cient\u00edfica<\/strong><\/p>\n\n\n\n<p>El profesor Ram\u00edrez de Arellano explica que este sismo, por lo descrito antes, es muy interesante para la comunidad cient\u00edfica. \u201cLa escasez de sismos en la parte austral de Sudam\u00e9rica no permite tener una visi\u00f3n muy acabada de c\u00f3mo es la forma y de c\u00f3mo ocurren los procesos y la periodicidad de estas grandes fallas, como lo es Magallanes Fagnano, que separa Sudam\u00e9rica de Scotia y la zona de subducci\u00f3n, que en este caso ya es subducci\u00f3n de Ant\u00e1rtica bajo Scotia. Por lo tanto, estos sismos permiten ir entendiendo c\u00f3mo es la din\u00e1mica de esta estructura de la Tierra\u201d.<\/p>\n","protected":false},"excerpt":{"rendered":"<p>Ge\u00f3logo Crist\u00f3bal Ram\u00edrez de Arellano afirma que estos movimientos permiten obtener mayor informaci\u00f3n sobre c\u00f3mo se comporta esta parte de la estructura terrestre.<\/p>\n","protected":false},"author":1,"featured_media":28541,"comment_status":"closed","ping_status":"closed","sticky":false,"template":"","format":"standard","meta":{"footnotes":""},"categories":[3302,3,2540,2496,2483],"tags":[2118,337,273,1537,247,133,4204],"class_list":["post-28540","post","type-post","status-publish","format-standard","has-post-thumbnail","hentry","category-academia","category-al-dia","category-ciencia","category-nacional","category-region","tag-semanariolocal","tag-informacion","tag-noticias","tag-punta-arenas","tag-region-de-los-lagos","tag-semanario-local","tag-terremoto"],"_links":{"self":[{"href":"https:\/\/www.semanariolocal.cl\/index.php?rest_route=\/wp\/v2\/posts\/28540","targetHints":{"allow":["GET"]}}],"collection":[{"href":"https:\/\/www.semanariolocal.cl\/index.php?rest_route=\/wp\/v2\/posts"}],"about":[{"href":"https:\/\/www.semanariolocal.cl\/index.php?rest_route=\/wp\/v2\/types\/post"}],"author":[{"embeddable":true,"href":"https:\/\/www.semanariolocal.cl\/index.php?rest_route=\/wp\/v2\/users\/1"}],"replies":[{"embeddable":true,"href":"https:\/\/www.semanariolocal.cl\/index.php?rest_route=%2Fwp%2Fv2%2Fcomments&post=28540"}],"version-history":[{"count":1,"href":"https:\/\/www.semanariolocal.cl\/index.php?rest_route=\/wp\/v2\/posts\/28540\/revisions"}],"predecessor-version":[{"id":28542,"href":"https:\/\/www.semanariolocal.cl\/index.php?rest_route=\/wp\/v2\/posts\/28540\/revisions\/28542"}],"wp:featuredmedia":[{"embeddable":true,"href":"https:\/\/www.semanariolocal.cl\/index.php?rest_route=\/wp\/v2\/media\/28541"}],"wp:attachment":[{"href":"https:\/\/www.semanariolocal.cl\/index.php?rest_route=%2Fwp%2Fv2%2Fmedia&parent=28540"}],"wp:term":[{"taxonomy":"category","embeddable":true,"href":"https:\/\/www.semanariolocal.cl\/index.php?rest_route=%2Fwp%2Fv2%2Fcategories&post=28540"},{"taxonomy":"post_tag","embeddable":true,"href":"https:\/\/www.semanariolocal.cl\/index.php?rest_route=%2Fwp%2Fv2%2Ftags&post=28540"}],"curies":[{"name":"wp","href":"https:\/\/api.w.org\/{rel}","templated":true}]}}