{"id":28521,"date":"2025-04-30T10:00:00","date_gmt":"2025-04-30T14:00:00","guid":{"rendered":"https:\/\/www.semanariolocal.cl\/?p=28521"},"modified":"2025-05-01T23:36:16","modified_gmt":"2025-05-02T03:36:16","slug":"el-desafio-impostergable-por-una-convivencia-educativa-sana-en-el-sur-de-chile","status":"publish","type":"post","link":"https:\/\/www.semanariolocal.cl\/?p=28521","title":{"rendered":"El desaf\u00edo impostergable: por una Convivencia Educativa Sana en el sur de Chile"},"content":{"rendered":"\n<p><strong><mark style=\"background-color:#abb8c3\" class=\"has-inline-color has-white-color\">30 de abril del 2025.- <\/mark><\/strong>Sin embargo, la realidad nos confronta con datos y testimonios inquietantes sobre la convivencia escolar. A principios de 2024, las estad\u00edsticas de la Superintendencia de Educaci\u00f3n nos ubicaron, preocupantemente, entre las diez comunas con mayor incidencia de bullying a nivel nacional. Esta dificultad para edificar espacios de respeto, empat\u00eda y seguridad en nuestros establecimientos educativos del sur ha trascendido la categor\u00eda de problema aislado, convirti\u00e9ndose en una conversaci\u00f3n impostergable y de vital importancia.<\/p>\n\n\n\n<p>La reciente actualizaci\u00f3n de la Pol\u00edtica Nacional de Convivencia Educativa 2025-2030 se\u00f1ala la direcci\u00f3n a seguir, pero su implementaci\u00f3n efectiva y exitosa en nuestras aulas exige el compromiso de toda la comunidad educativa. Tal como lo propone el modelo de Escuela Total, que busca fortalecer y apoyar la gesti\u00f3n de la convivencia mediante acciones participativas, formativas y basadas en derechos, podremos avanzar hacia decisiones democr\u00e1ticas y s\u00f3lidas en los establecimientos.<\/p>\n\n\n\n<p>Es crucial que la implementaci\u00f3n de esta pol\u00edtica incluya la capacitaci\u00f3n espec\u00edfica para nuestros docentes, quienes a menudo deben lidiar con realidades complejas y carecen de herramientas especializadas para abordarlas. Necesitamos fortalecer los equipos psicosociales en nuestros establecimientos, dot\u00e1ndolos de los recursos necesarios para una intervenci\u00f3n temprana y un acompa\u00f1amiento sostenido a estudiantes y familias.<\/p>\n\n\n\n<p>Igualmente, importante es estrechar los v\u00ednculos entre la escuela y la comunidad, con una participaci\u00f3n activa de madres, padres y apoderados en la creaci\u00f3n de un clima escolar positivo. Fomentar espacios de di\u00e1logo, talleres de sensibilizaci\u00f3n y estrategias de parentalidad positiva son acciones clave para cultivar el respeto y la tolerancia desde el n\u00facleo familiar.<\/p>\n\n\n\n<p>Si bien la nueva pol\u00edtica nacional nos ofrece un marco valioso, su \u00e9xito en el sur de Chile estar\u00e1 intr\u00ednsecamente ligado a nuestra habilidad para adaptarla a las particularidades de nuestro territorio, invertir decididamente en la formaci\u00f3n de nuestros educadores, robustecer los lazos con nuestras diversas comunidades y abordar las complejidades inherentes a nuestra rica identidad cultural. Al hacerlo, podremos fomentar un entorno educativo genuinamente inclusivo, respetuoso y colaborativo, donde la convivencia se convierta en un aprendizaje continuo y esencial para la formaci\u00f3n de ciudadanos comprometidos con la sociedad.<\/p>\n\n\n\n<p>La conversaci\u00f3n sobre convivencia educativa en el sur no puede ser un susurro entre los pasillos de las escuelas. Debe ser un di\u00e1logo abierto, honesto y urgente que involucre a todos los actores de la comunidad. Solo as\u00ed podremos construir las aulas c\u00e1lidas y seguras que nuestros ni\u00f1os, ni\u00f1as y j\u00f3venes merecen, permiti\u00e9ndoles florecer no solo acad\u00e9micamente, sino tambi\u00e9n como ciudadanos respetuosos y emp\u00e1ticos en esta hermosa y a veces desafiante tierra austral.<\/p>\n\n\n\n<p><strong>Lorena Ag\u00fcero D\u00edaz, jefa de carrera Psicolog\u00eda vespertino de la Universidad Santo Tom\u00e1s Puerto Montt.<\/strong><\/p>\n","protected":false},"excerpt":{"rendered":"<p>El persistente fr\u00edo y la lluvia que caracterizan estos d\u00edas a Puerto Montt contrastan marcadamente con la calidez que idealmente deber\u00eda emanar de nuestras aulas. <\/p>\n","protected":false},"author":1,"featured_media":28522,"comment_status":"closed","ping_status":"closed","sticky":false,"template":"","format":"standard","meta":{"footnotes":""},"categories":[3,11,7,2483],"tags":[273,247,133],"class_list":["post-28521","post","type-post","status-publish","format-standard","has-post-thumbnail","hentry","category-al-dia","category-educacion","category-opinion","category-region","tag-noticias","tag-region-de-los-lagos","tag-semanario-local"],"_links":{"self":[{"href":"https:\/\/www.semanariolocal.cl\/index.php?rest_route=\/wp\/v2\/posts\/28521","targetHints":{"allow":["GET"]}}],"collection":[{"href":"https:\/\/www.semanariolocal.cl\/index.php?rest_route=\/wp\/v2\/posts"}],"about":[{"href":"https:\/\/www.semanariolocal.cl\/index.php?rest_route=\/wp\/v2\/types\/post"}],"author":[{"embeddable":true,"href":"https:\/\/www.semanariolocal.cl\/index.php?rest_route=\/wp\/v2\/users\/1"}],"replies":[{"embeddable":true,"href":"https:\/\/www.semanariolocal.cl\/index.php?rest_route=%2Fwp%2Fv2%2Fcomments&post=28521"}],"version-history":[{"count":1,"href":"https:\/\/www.semanariolocal.cl\/index.php?rest_route=\/wp\/v2\/posts\/28521\/revisions"}],"predecessor-version":[{"id":28523,"href":"https:\/\/www.semanariolocal.cl\/index.php?rest_route=\/wp\/v2\/posts\/28521\/revisions\/28523"}],"wp:featuredmedia":[{"embeddable":true,"href":"https:\/\/www.semanariolocal.cl\/index.php?rest_route=\/wp\/v2\/media\/28522"}],"wp:attachment":[{"href":"https:\/\/www.semanariolocal.cl\/index.php?rest_route=%2Fwp%2Fv2%2Fmedia&parent=28521"}],"wp:term":[{"taxonomy":"category","embeddable":true,"href":"https:\/\/www.semanariolocal.cl\/index.php?rest_route=%2Fwp%2Fv2%2Fcategories&post=28521"},{"taxonomy":"post_tag","embeddable":true,"href":"https:\/\/www.semanariolocal.cl\/index.php?rest_route=%2Fwp%2Fv2%2Ftags&post=28521"}],"curies":[{"name":"wp","href":"https:\/\/api.w.org\/{rel}","templated":true}]}}