{"id":28517,"date":"2025-04-30T09:00:00","date_gmt":"2025-04-30T13:00:00","guid":{"rendered":"https:\/\/www.semanariolocal.cl\/?p=28517"},"modified":"2025-05-01T23:26:00","modified_gmt":"2025-05-02T03:26:00","slug":"segundas-oportunidades-inversion-en-seguridad-para-todos","status":"publish","type":"post","link":"https:\/\/www.semanariolocal.cl\/?p=28517","title":{"rendered":"Segundas oportunidades, inversi\u00f3n en seguridad para todos\u00a0"},"content":{"rendered":"\n<p><strong><mark style=\"background-color:#abb8c3\" class=\"has-inline-color has-white-color\">30 de abril del 2025.- <\/mark><\/strong> M\u00e1s all\u00e1 de la leg\u00edtima preocupaci\u00f3n de la opini\u00f3n p\u00fablica por la seguridad, que lleva a la discusi\u00f3n recurrente \u2013pese a que es contraria a la evidencia\u2013 de aumentar el castigo para los delincuentes, \u00bfestamos haci\u00e9ndonos cargo de mejorar las posibilidades de reinserci\u00f3n de quienes est\u00e1n por salir de la c\u00e1rcel?&nbsp;<\/p>\n\n\n\n<p>Diversos estudios se\u00f1alan que la mayor\u00eda de las personas privadas de libertad tienen en com\u00fan factores&nbsp;estructurales que influyen en su involucramiento en trayectorias delictivas, tales como la pobreza y exclusi\u00f3n social, bajos niveles de escolaridad, escaso acceso a la salud y vivienda, abandono temprano del hogar, violencia, y consumo problem\u00e1tico de alcohol y drogas. Muchos de estos factores se agudizan tras el paso por la c\u00e1rcel. La mayor\u00eda de estas personas no cuentan con herramientas ni redes para hacer un cambio en su situaci\u00f3n, y enfrentan serias dificultades para su reinserci\u00f3n social, como la falta de acceso al trabajo formal. Ello redunda en el aumento de las probabilidades de reincidencia.&nbsp;&nbsp;<\/p>\n\n\n\n<p>Los datos son elocuentes: quienes participan en programas de reinserci\u00f3n reinciden mucho menos. Mientras que el 47% de las personas recluidas, que no tienen acceso a programas de reinserci\u00f3n ni beneficios, tuvo una nueva condena 2 a\u00f1os despu\u00e9s de su egreso; entre quienes s\u00ed participaron en dichos programas, la reincidencia baja al rango 18% a&nbsp;26%. Esto no es casualidad: las condiciones de vida dentro de las c\u00e1rceles, el acceso a capacitaci\u00f3n, trabajo y apoyo psicol\u00f3gico, y el acompa\u00f1amiento tras la salida marcan la diferencia.&nbsp;<\/p>\n\n\n\n<p>Reinsertar a las personas que pasaron por el sistema penitenciario no es un acto de ingenuidad, es una estrategia de seguridad. No se trata solo de dar una segunda oportunidad, sino de entender que prevenir la reincidencia a trav\u00e9s de programas de reinserci\u00f3n es m\u00e1s eficaz \u2014y humano\u2014 que castigar una y otra vez. Cada persona que logra integrarse a un trabajo digno, que forma parte de una comunidad, que recupera el v\u00ednculo con su familia, es una persona que deja de representar un riesgo para su entorno.&nbsp;<\/p>\n\n\n\n<p>Mientras que la discusi\u00f3n p\u00fablica se centra constantemente en endurecer el castigo, pensamos que debemos empezar a preguntarnos \u201c\u00bfqu\u00e9 podemos hacer, como sociedad, para promover oportunidades que disminuyan la reincidencia de las y los infractores de ley?\u201d Cuando una persona se reinserta con \u00e9xito, ganamos todos: en seguridad, en cohesi\u00f3n social, en humanidad.&nbsp;<\/p>\n\n\n\n<p><strong>Bernardita Frez\u00a0&#8211; Directora Ejecutiva Juntos por la Reinserci\u00f3n, 3xi\u00a0<\/strong><\/p>\n","protected":false},"excerpt":{"rendered":"<p>Entre 2025 y 2030, 30 mil personas que est\u00e1n privadas de libertad, en Chile, terminar\u00e1n de cumplir sus condenas y volver\u00e1n a la sociedad.<\/p>\n","protected":false},"author":1,"featured_media":28519,"comment_status":"closed","ping_status":"closed","sticky":false,"template":"","format":"standard","meta":{"footnotes":""},"categories":[3,3843,11,7,3842,3607],"tags":[2118,4199,337,4200,273,247,133],"class_list":["post-28517","post","type-post","status-publish","format-standard","has-post-thumbnail","hentry","category-al-dia","category-derechos-sociales","category-educacion","category-opinion","category-politicas-publicas","category-seguridad","tag-semanariolocal","tag-bernardita-frez","tag-informacion","tag-juntos-por-la-reinsercion","tag-noticias","tag-region-de-los-lagos","tag-semanario-local"],"_links":{"self":[{"href":"https:\/\/www.semanariolocal.cl\/index.php?rest_route=\/wp\/v2\/posts\/28517","targetHints":{"allow":["GET"]}}],"collection":[{"href":"https:\/\/www.semanariolocal.cl\/index.php?rest_route=\/wp\/v2\/posts"}],"about":[{"href":"https:\/\/www.semanariolocal.cl\/index.php?rest_route=\/wp\/v2\/types\/post"}],"author":[{"embeddable":true,"href":"https:\/\/www.semanariolocal.cl\/index.php?rest_route=\/wp\/v2\/users\/1"}],"replies":[{"embeddable":true,"href":"https:\/\/www.semanariolocal.cl\/index.php?rest_route=%2Fwp%2Fv2%2Fcomments&post=28517"}],"version-history":[{"count":1,"href":"https:\/\/www.semanariolocal.cl\/index.php?rest_route=\/wp\/v2\/posts\/28517\/revisions"}],"predecessor-version":[{"id":28520,"href":"https:\/\/www.semanariolocal.cl\/index.php?rest_route=\/wp\/v2\/posts\/28517\/revisions\/28520"}],"wp:featuredmedia":[{"embeddable":true,"href":"https:\/\/www.semanariolocal.cl\/index.php?rest_route=\/wp\/v2\/media\/28519"}],"wp:attachment":[{"href":"https:\/\/www.semanariolocal.cl\/index.php?rest_route=%2Fwp%2Fv2%2Fmedia&parent=28517"}],"wp:term":[{"taxonomy":"category","embeddable":true,"href":"https:\/\/www.semanariolocal.cl\/index.php?rest_route=%2Fwp%2Fv2%2Fcategories&post=28517"},{"taxonomy":"post_tag","embeddable":true,"href":"https:\/\/www.semanariolocal.cl\/index.php?rest_route=%2Fwp%2Fv2%2Ftags&post=28517"}],"curies":[{"name":"wp","href":"https:\/\/api.w.org\/{rel}","templated":true}]}}