{"id":28510,"date":"2025-04-30T11:00:00","date_gmt":"2025-04-30T15:00:00","guid":{"rendered":"https:\/\/www.semanariolocal.cl\/?p=28510"},"modified":"2025-05-01T23:04:24","modified_gmt":"2025-05-02T03:04:24","slug":"equipos-de-21-comunas-fueron-seleccionados-para-el-programa-iie-2025-del-par-explora-los-lagos","status":"publish","type":"post","link":"https:\/\/www.semanariolocal.cl\/?p=28510","title":{"rendered":"Equipos de 21 comunas fueron seleccionados para el Programa IIE 2025 del PAR Explora Los Lagos"},"content":{"rendered":"\n<p><strong><mark style=\"background-color:#abb8c3\" class=\"has-inline-color has-white-color\">30 de abril del 2025.- <\/mark><\/strong>40 docentes seleccionados para participar junto a estudiantes de sus establecimientos en el Programa de Investigaci\u00f3n e Innovaci\u00f3n Escolar IIE 2025 provienen de 21 comunas de las cuatro provincias de la regi\u00f3n de Los Lagos.<\/p>\n\n\n\n<p>El Programa de Investigaci\u00f3n e Innovaci\u00f3n Escolar IIE es una iniciativa del Proyecto Asociativo Regional (PAR) Explora Los Lagos, del Ministerio de Ciencia, Tecnolog\u00eda, Conocimiento e Innovaci\u00f3n y que ejecuta la Universidad Austral de Chile Sede Puerto Montt. Est\u00e1 orientado a docentes, ni\u00f1as, ni\u00f1os y j\u00f3venes de educaci\u00f3n b\u00e1sica (primer y segundo ciclo) y ense\u00f1anza media y contempla talleres formativos de transferencia, asesor\u00eda y acompa\u00f1amiento cient\u00edfico y de innovaci\u00f3n, encuentros provinciales de socializaci\u00f3n, entre otras acciones.<\/p>\n\n\n\n<p>Los 40 equipos seleccionados para este a\u00f1o en IIE, con un alcance de 790 estudiantes son de las comunas de Puerto Octay, Osorno, Puyehue, San Juan de la Costa, Llanquihue, Puerto Varas, Maull\u00edn, Puerto Montt, Calbuco, Cocham\u00f3, Los Muermos, Frutillar, Palena, Futaleuf\u00fa, Chait\u00e9n, Quinchao, Castro, Dalcahue, Chonchi, Queilen y Quell\u00f3n.<\/p>\n\n\n\n<p>Gabriela Navarro Manzanal, directora del PAR Explora Los Lagos destac\u00f3 que nuevamente \u201chay establecimientos de todas las provincias de la regi\u00f3n, de m\u00e1s de la mitad de comunas y con una gran variedad de temas de investigaci\u00f3n e innovaci\u00f3n con mucha pertenencia territorial, ya que los equipos seleccionados efectuar\u00e1n 20 trabajos de investigaci\u00f3n en \u00e1reas de ciencias naturales, ciencias sociales, ciencias m\u00e9dicas, ciencias agr\u00edcolas y del \u00e1rea de artes y humanidades y 10 iniciativas en la categor\u00eda de innovaci\u00f3n\u201d, coment\u00f3.<\/p>\n\n\n\n<p>Navarro tambi\u00e9n puso en valor que 24 establecimientos seleccionados est\u00e1n ubicados en sectores rurales de sus comunas, mientras que 16 son urbanos. Y destac\u00f3 la incorporaci\u00f3n de 12 liceos t\u00e9cnico profesional para este a\u00f1o.<\/p>\n\n\n\n<p>&nbsp;*Listado de establecimientos en:&nbsp;<a href=\"http:\/\/www.ecplora.cl\/lagos\" target=\"_blank\" rel=\"noreferrer noopener\">www.explora.cl\/lagos<\/a><\/p>\n","protected":false},"excerpt":{"rendered":"<p>Todas las provincias de la regi\u00f3n tendr\u00e1n representaci\u00f3n de establecimientos educacionales.<\/p>\n","protected":false},"author":1,"featured_media":28512,"comment_status":"closed","ping_status":"closed","sticky":false,"template":"","format":"standard","meta":{"footnotes":""},"categories":[3,11,2541],"tags":[2118,77,4198,337,273,247,133],"class_list":["post-28510","post","type-post","status-publish","format-standard","has-post-thumbnail","hentry","category-al-dia","category-educacion","category-investigacion","tag-semanariolocal","tag-educacion","tag-explora","tag-informacion","tag-noticias","tag-region-de-los-lagos","tag-semanario-local"],"_links":{"self":[{"href":"https:\/\/www.semanariolocal.cl\/index.php?rest_route=\/wp\/v2\/posts\/28510","targetHints":{"allow":["GET"]}}],"collection":[{"href":"https:\/\/www.semanariolocal.cl\/index.php?rest_route=\/wp\/v2\/posts"}],"about":[{"href":"https:\/\/www.semanariolocal.cl\/index.php?rest_route=\/wp\/v2\/types\/post"}],"author":[{"embeddable":true,"href":"https:\/\/www.semanariolocal.cl\/index.php?rest_route=\/wp\/v2\/users\/1"}],"replies":[{"embeddable":true,"href":"https:\/\/www.semanariolocal.cl\/index.php?rest_route=%2Fwp%2Fv2%2Fcomments&post=28510"}],"version-history":[{"count":1,"href":"https:\/\/www.semanariolocal.cl\/index.php?rest_route=\/wp\/v2\/posts\/28510\/revisions"}],"predecessor-version":[{"id":28513,"href":"https:\/\/www.semanariolocal.cl\/index.php?rest_route=\/wp\/v2\/posts\/28510\/revisions\/28513"}],"wp:featuredmedia":[{"embeddable":true,"href":"https:\/\/www.semanariolocal.cl\/index.php?rest_route=\/wp\/v2\/media\/28512"}],"wp:attachment":[{"href":"https:\/\/www.semanariolocal.cl\/index.php?rest_route=%2Fwp%2Fv2%2Fmedia&parent=28510"}],"wp:term":[{"taxonomy":"category","embeddable":true,"href":"https:\/\/www.semanariolocal.cl\/index.php?rest_route=%2Fwp%2Fv2%2Fcategories&post=28510"},{"taxonomy":"post_tag","embeddable":true,"href":"https:\/\/www.semanariolocal.cl\/index.php?rest_route=%2Fwp%2Fv2%2Ftags&post=28510"}],"curies":[{"name":"wp","href":"https:\/\/api.w.org\/{rel}","templated":true}]}}