{"id":28470,"date":"2025-04-29T22:16:43","date_gmt":"2025-04-30T02:16:43","guid":{"rendered":"https:\/\/www.semanariolocal.cl\/?p=28470"},"modified":"2025-04-29T22:17:12","modified_gmt":"2025-04-30T02:17:12","slug":"los-campamentos-siguen-al-alza-aumentaron-en-mas-de-seis-mil-familias-entre-2023-y-2025","status":"publish","type":"post","link":"https:\/\/www.semanariolocal.cl\/?p=28470","title":{"rendered":"Los campamentos siguen al alza: aumentaron en m\u00e1s de seis mil familias entre 2023 y 2025"},"content":{"rendered":"\n<p><mark style=\"background-color:#abb8c3\" class=\"has-inline-color has-white-color\"><strong>29 de abril 2025.-<\/strong> <\/mark>Actualmente, en Chile hay 120.584 familias viviendo un campamento, seg\u00fan el Catastro Nacional de Campamentos 2024-2025 de TECHO-Chile. El estudio revel\u00f3 la existencia de 1.428 asentamientos de este tipo a lo largo del pa\u00eds, alcanzando la cifra m\u00e1s alta desde 1996. Esto representa un aumento del 10,6% respecto a la \u00faltima medici\u00f3n y equivale a la incorporaci\u00f3n de al menos 6.000 nuevas familias a estos lugares entre 2023 y 2025.<\/p>\n\n\n\n<p>\u201cLa falta de herramientas y alternativas reales para salir de su condici\u00f3n mantiene a miles de familias estancadas en campamentos. El alto costo de los arriendos, los bajos ingresos y la necesidad de independencia son los principales factores que perpet\u00faan esta tendencia, extendiendo los tiempos de espera por una soluci\u00f3n definitiva a m\u00e1s de una d\u00e9cada\u201d, explic\u00f3 Gonzalo Rodr\u00edguez, director ejecutivo de TECHO-Chile.<\/p>\n\n\n\n<p>La crisis habitacional es alarmante: un 35% de las familias que viven en campamentos lleva m\u00e1s de 14 a\u00f1os esperando una soluci\u00f3n definitiva, de acuerdo con la medici\u00f3n.<\/p>\n\n\n\n<p>Al analizar la evoluci\u00f3n del d\u00e9ficit habitacional en las \u00faltimas tres d\u00e9cadas, el estudio muestra que, a partir de 2020, todos los componentes del d\u00e9ficit se han reducido o estabilizado, excepto el n\u00famero de hogares en campamentos, que sigue aumentando de manera sostenida desde 2011.<\/p>\n\n\n\n<p>Adem\u00e1s, entre 2023 y 2025 se cerraron 346 campamentos; sin embargo, menos de un 30% de esos cierres corresponde a soluciones habitacionales definitivas. El resto se debe a desalojos, traslados, migraciones entre campamentos u otras estrategias de las familias para encontrar alternativas.<\/p>\n\n\n\n<p>\u201cAunque Chile ha hecho esfuerzos para disminuir el d\u00e9ficit habitacional en la \u00faltima d\u00e9cada, estos no est\u00e1n logrando impactar en la superaci\u00f3n de los campamentos. La mayor\u00eda de estas familias sigue sin ser sujeto de pol\u00edtica p\u00fablica. Los campamentos representan hoy el 17% del d\u00e9ficit habitacional, por lo que no podremos enfrentar la crisis de vivienda sin abordarlos\u201d, agreg\u00f3 Rodr\u00edguez.<\/p>\n\n\n\n<p><strong>Organizaci\u00f3n comunitaria: un capital social clave<\/strong><\/p>\n\n\n\n<p><br>La organizaci\u00f3n comunitaria dentro de los campamentos reviste un potencial fundamental para avanzar hacia soluciones de vivienda. Seg\u00fan el catastro, el 78% de los asentamientos cuenta con una directiva activa y el 69,1% tiene un comit\u00e9 de vivienda formalmente constituido (del cual el 91% tiene personalidad jur\u00eddica) y 65% tiene un objetivo de soluci\u00f3n habitacional definido, todo lo cual deber\u00eda facilitar el acceso a mecanismos estatales como subsidios o mejoras de entorno<\/p>\n\n\n\n<p>\u201cPese al fortalecimiento de esta organizaci\u00f3n en los campamentos, solo el 4% de los asentamientos cuenta hoy con un proyecto habitacional colectivo en ejecuci\u00f3n. Esto demuestra que hay un&nbsp; desajuste profundo entre las capacidades de la pol\u00edtica habitacional actual y las realidades de estas comunidades y que aunque se observa lo crucial de esta organizaci\u00f3n comunitaria, la acci\u00f3n del Estado es clave para traducir este capital social en resultados tangibles\u201d, se\u00f1al\u00f3 Javiera Moncada, directora del centro de estudios de TECHO-Chile.<\/p>\n","protected":false},"excerpt":{"rendered":"<p>Los campamentos son el \u00fanico componente del d\u00e9ficit habitacional que no disminuy\u00f3, lo cual evidencia una precariedad habitacional que no se ha podido reducir en los \u00faltimos cinco a\u00f1os.<\/p>\n","protected":false},"author":1,"featured_media":28471,"comment_status":"closed","ping_status":"closed","sticky":false,"template":"","format":"standard","meta":{"footnotes":""},"categories":[3843,3608,3858,3823,3842],"tags":[2118,337,273,247,133,4191],"class_list":["post-28470","post","type-post","status-publish","format-standard","has-post-thumbnail","hentry","category-derechos-sociales","category-estado","category-fundaciones","category-ong","category-politicas-publicas","tag-semanariolocal","tag-informacion","tag-noticias","tag-region-de-los-lagos","tag-semanario-local","tag-techo-para-chile"],"_links":{"self":[{"href":"https:\/\/www.semanariolocal.cl\/index.php?rest_route=\/wp\/v2\/posts\/28470","targetHints":{"allow":["GET"]}}],"collection":[{"href":"https:\/\/www.semanariolocal.cl\/index.php?rest_route=\/wp\/v2\/posts"}],"about":[{"href":"https:\/\/www.semanariolocal.cl\/index.php?rest_route=\/wp\/v2\/types\/post"}],"author":[{"embeddable":true,"href":"https:\/\/www.semanariolocal.cl\/index.php?rest_route=\/wp\/v2\/users\/1"}],"replies":[{"embeddable":true,"href":"https:\/\/www.semanariolocal.cl\/index.php?rest_route=%2Fwp%2Fv2%2Fcomments&post=28470"}],"version-history":[{"count":1,"href":"https:\/\/www.semanariolocal.cl\/index.php?rest_route=\/wp\/v2\/posts\/28470\/revisions"}],"predecessor-version":[{"id":28472,"href":"https:\/\/www.semanariolocal.cl\/index.php?rest_route=\/wp\/v2\/posts\/28470\/revisions\/28472"}],"wp:featuredmedia":[{"embeddable":true,"href":"https:\/\/www.semanariolocal.cl\/index.php?rest_route=\/wp\/v2\/media\/28471"}],"wp:attachment":[{"href":"https:\/\/www.semanariolocal.cl\/index.php?rest_route=%2Fwp%2Fv2%2Fmedia&parent=28470"}],"wp:term":[{"taxonomy":"category","embeddable":true,"href":"https:\/\/www.semanariolocal.cl\/index.php?rest_route=%2Fwp%2Fv2%2Fcategories&post=28470"},{"taxonomy":"post_tag","embeddable":true,"href":"https:\/\/www.semanariolocal.cl\/index.php?rest_route=%2Fwp%2Fv2%2Ftags&post=28470"}],"curies":[{"name":"wp","href":"https:\/\/api.w.org\/{rel}","templated":true}]}}