{"id":28467,"date":"2025-04-29T22:09:56","date_gmt":"2025-04-30T02:09:56","guid":{"rendered":"https:\/\/www.semanariolocal.cl\/?p=28467"},"modified":"2025-04-29T22:09:58","modified_gmt":"2025-04-30T02:09:58","slug":"presidente-gabriel-boric-font-inauguro-tren-puerto-montt-llanquihue","status":"publish","type":"post","link":"https:\/\/www.semanariolocal.cl\/?p=28467","title":{"rendered":"Presidente Gabriel Boric Font inaugur\u00f3 Tren Puerto Montt &#8211; Llanquihue"},"content":{"rendered":"\n<p><strong><mark style=\"background-color:#abb8c3\" class=\"has-inline-color has-white-color\">29 de abril del 2025.- <\/mark><\/strong> Este martes 29 de abril, con la presencia del Presidente Gabriel Boric y Ministros de Estado, se inaugur\u00f3 de manera oficial el retorno del tren a la regi\u00f3n de Los Lagos tras casi veinte a\u00f1os interrumpido, a trav\u00e9s del servicio Llanquihue &#8211; La Paloma, que une las comunas de Llanquihue, Puerto Varas y Puerto Montt.<\/p>\n\n\n\n<p>Esto se dio luego que la m\u00e1xima autoridad del pa\u00eds utilizara el servicio para trasladarse desde la capital regional hacia Puerto Varas, corroborando in situ la seguridad y comodidad de las m\u00e1quinas que fueron acondicionadas en los talles de Asmar para su funcionamiento en la regi\u00f3n.<\/p>\n\n\n\n<p>En la ceremonia oficial participaron autoridades regionales, comunales, parlamentarias y de Gobierno, oportunidad en que se entregaron los detalles de la nueva operaci\u00f3n de EFE, un proyecto que involucr\u00f3 una inversi\u00f3n de $8.100 millones, que cuenta con una extensi\u00f3n de 27,4 kil\u00f3metros, cuatro estaciones y una tarifa integrada que incluye la conexi\u00f3n con buses que trasladaran a los usuarios a distintos sectores de Puerto Montt y Alerce.<\/p>\n\n\n\n<p>Durante su intervenci\u00f3n, el Mandatario destac\u00f3 la puesta en marcha de la iniciativa anunciada durante su Cuenta P\u00fablica 2023, afirmando que \u201choy estamos recuperando algo que nos da mucho orgullo a los chilenos y chilenas\u201d, a\u00f1adiendo que \u201crecorrimos junto a vecinos y vecinas un tramo que llevaba m\u00e1s de 18 a\u00f1os cerrado y que desde hace una semana volvi\u00f3 a operar y a mostrar los beneficios para la calidad de vida de la zona\u201d.<\/p>\n\n\n\n<p>El Presidente de la Rep\u00fablica, adem\u00e1s, destac\u00f3 el impacto que el inicio del servicio tendr\u00e1 en la comunidad, explicando que \u201cpotencia la valoraci\u00f3n cultural, potencia el orgullo de nuestra gente. Potencia econ\u00f3micamente a todos los poblados que circundan el Lago Llanquihue y, por sobre todo, y para eso estamos ac\u00e1, dignifica la vida de nuestros vecinos, de los trabajadores, de las personas mayores, de los estudiantes.\u201d<\/p>\n\n\n\n<p>En tanto, el ministro de Transportes, Juan Carlos Mu\u00f1oz, destac\u00f3 el sistema de pago de este servicio, indicando que \u201cla integraci\u00f3n tarifaria es m\u00e1s que un pago entre dos modos distintos de transporte, la integraci\u00f3n tarifaria permite entender el sistema de transporte p\u00fablico como un todo, como un sistema de engranajes donde cada pieza opera en funci\u00f3n de un gran objetivo: conectar a las personas\u201d.<\/p>\n\n\n\n<p>Por su parte, el presidente de EFE, Eric Martin, dijo que \u201cestamos muy contentos y orgullosos de concretar el proyecto de trenes de cercan\u00eda 30\/30, que rehabilit\u00f3 el tren en la regi\u00f3n de Los Lagos despu\u00e9s de 18 a\u00f1os, posibilitando un transporte r\u00e1pido, c\u00f3modo y seguro e integrado\u201d.<\/p>\n\n\n\n<p><strong>Itinerario<\/strong><\/p>\n\n\n\n<p>Con la integraci\u00f3n de un segundo tren que operar\u00e1 en el servicio, pr\u00f3ximamente ser\u00e1n 24 las salidas disponibles de lunes a viernes entre las 06:50 y 21:00hrs, con una tarifa rebajada para estudiantes y adultos mayores. El valor del pasaje, que oscila entre los $600 a $1.500 dependiendo del tramo, puede ser pagado con efectivo, tarjetas de d\u00e9bito, cr\u00e9dito, prepago, adem\u00e1s de c\u00f3digo QR.<\/p>\n\n\n\n<p>Adem\u00e1s, los equipos de infraestructura trabajaron en la habilitaci\u00f3n de 12 cruces ferroviarios a lo largo de todo el tramo y se implement\u00f3 un sistema de barreras operadas por guarda cruces en todos los pasos, con una inversi\u00f3n de 123 millones de pesos. Esto se suma a las obras de rehabilitaci\u00f3n previamente ejecutadas, que incluyeron mejoras en las carpetas de rodado, instalaci\u00f3n de laberintos de acceso, nueva se\u00f1al\u00e9tica y demarcaciones de advertencia.<\/p>\n\n\n\n<p>\u00abLos temas de seguridad los conversamos con los alcaldes y fueron resueltos. Es decir, una vez m\u00e1s Ferrocarriles, con el \u00edmpetu y trabajo que tiene, pero con toda la seriedad de ir cumpliendo cada una de las etapas, ha puesto a disposici\u00f3n de una comunidad enorme, que es la regi\u00f3n de Los Lagos, este ferrocarril que cuenta con altos est\u00e1ndares de calidad\u00bb, coment\u00f3 el presidente de EFE, Eric Martin Gonz\u00e1lez.<\/p>\n\n\n\n<p>Toda la informaci\u00f3n asociada al nuevo servicio la puedes encontrar en las redes sociales oficiales de EFE Puerto Montt.&nbsp;<\/p>\n","protected":false},"excerpt":{"rendered":"<p>El Mandatario encabez\u00f3 la puesta en marcha oficial del nuevo servicio de trenes en el sur de Chile, que conecta la capital regional con Puerto Varas y Llanquihue y que beneficiar\u00e1 a m\u00e1s de 300 mil personas a trav\u00e9s de sus 27,4 kil\u00f3metros de extensi\u00f3n.<\/p>\n","protected":false},"author":1,"featured_media":28468,"comment_status":"closed","ping_status":"closed","sticky":false,"template":"","format":"standard","meta":{"footnotes":""},"categories":[3,3608,9,4190,2483],"tags":[2118,337,273,395,113,247,133],"class_list":["post-28467","post","type-post","status-publish","format-standard","has-post-thumbnail","hentry","category-al-dia","category-estado","category-gobierno","category-llanquihue","category-region","tag-semanariolocal","tag-informacion","tag-noticias","tag-presidente-gabriel-boric","tag-puerto-montt","tag-region-de-los-lagos","tag-semanario-local"],"_links":{"self":[{"href":"https:\/\/www.semanariolocal.cl\/index.php?rest_route=\/wp\/v2\/posts\/28467","targetHints":{"allow":["GET"]}}],"collection":[{"href":"https:\/\/www.semanariolocal.cl\/index.php?rest_route=\/wp\/v2\/posts"}],"about":[{"href":"https:\/\/www.semanariolocal.cl\/index.php?rest_route=\/wp\/v2\/types\/post"}],"author":[{"embeddable":true,"href":"https:\/\/www.semanariolocal.cl\/index.php?rest_route=\/wp\/v2\/users\/1"}],"replies":[{"embeddable":true,"href":"https:\/\/www.semanariolocal.cl\/index.php?rest_route=%2Fwp%2Fv2%2Fcomments&post=28467"}],"version-history":[{"count":1,"href":"https:\/\/www.semanariolocal.cl\/index.php?rest_route=\/wp\/v2\/posts\/28467\/revisions"}],"predecessor-version":[{"id":28469,"href":"https:\/\/www.semanariolocal.cl\/index.php?rest_route=\/wp\/v2\/posts\/28467\/revisions\/28469"}],"wp:featuredmedia":[{"embeddable":true,"href":"https:\/\/www.semanariolocal.cl\/index.php?rest_route=\/wp\/v2\/media\/28468"}],"wp:attachment":[{"href":"https:\/\/www.semanariolocal.cl\/index.php?rest_route=%2Fwp%2Fv2%2Fmedia&parent=28467"}],"wp:term":[{"taxonomy":"category","embeddable":true,"href":"https:\/\/www.semanariolocal.cl\/index.php?rest_route=%2Fwp%2Fv2%2Fcategories&post=28467"},{"taxonomy":"post_tag","embeddable":true,"href":"https:\/\/www.semanariolocal.cl\/index.php?rest_route=%2Fwp%2Fv2%2Ftags&post=28467"}],"curies":[{"name":"wp","href":"https:\/\/api.w.org\/{rel}","templated":true}]}}