{"id":28462,"date":"2025-04-29T21:37:45","date_gmt":"2025-04-30T01:37:45","guid":{"rendered":"https:\/\/www.semanariolocal.cl\/?p=28462"},"modified":"2025-04-29T22:06:04","modified_gmt":"2025-04-30T02:06:04","slug":"gore-destina-16-mil-millones-para-reactivar-obras-del-liceo-carmela-carvajal-en-osorno","status":"publish","type":"post","link":"https:\/\/www.semanariolocal.cl\/?p=28462","title":{"rendered":"GORE destina $16 mil millones para reactivar obras del Liceo Carmela Carvajal en Osorno"},"content":{"rendered":"\n<p><strong><mark style=\"background-color:#abb8c3\" class=\"has-inline-color has-white-color\">29 de abril del 2025.-<\/mark><\/strong> Se t rata de una  inversi\u00f3n superior\u00a0 de $16 mil millones para reanudar las obras del Liceo Carmela Carvajal de Prat en Osorno, cuya construcci\u00f3n se encontraba paralizada desde 2022 tras el abandono de la empresa a cargo del proyecto.<\/p>\n\n\n\n<p>El anuncio se realiz\u00f3 tras una extensa reuni\u00f3n sostenida entre el gobernador regional, Alejandro Santana, el alcalde de Osorno, Jaime Bert\u00edn, consejeros regionales y concejales de la comuna. El acuerdo alcanzado destraba un proyecto largamente esperado por la comunidad, beneficiando directamente a m\u00e1s de 1.600 alumnos que a\u00fan no han podido utilizar las nuevas instalaciones.<\/p>\n\n\n\n<p>\u201cEs una buena noticia para Osorno y tambi\u00e9n para la provincia, porque este es un colegio emblem\u00e1tico. Junto a los consejeros regionales hicimos una extensa evaluaci\u00f3n y encontramos los mecanismos para liberar los recursos. Esta es una se\u00f1al clara desde el Gobierno Regional y del municipio de que estamos comprometidos con la educaci\u00f3n p\u00fablica\u201d, afirm\u00f3 el gobernador Santana.<\/p>\n\n\n\n<p>Sin embargo, la autoridad regional tambi\u00e9n manifest\u00f3 su molestia con el Ministerio de Educaci\u00f3n, que \u2014seg\u00fan denunci\u00f3\u2014 no aport\u00f3 financiamiento para el reinicio del proyecto. \u201cLamento profundamente que el ministerio, siendo responsable constitucional de la educaci\u00f3n p\u00fablica, no se haya hecho parte de este problema. As\u00ed se lo manifest\u00e9 directamente al Presidente de la Rep\u00fablica\u201d, se\u00f1al\u00f3.<\/p>\n\n\n\n<p>El alcalde Jaime Bert\u00edn celebr\u00f3 el acuerdo alcanzado, se\u00f1alando que permitir\u00e1 avanzar en el proceso administrativo de manera inmediata. \u201cSe va a adjudicar la obra por $16 mil millones. El acuerdo ya est\u00e1 tomado con el gobernador y los consejeros regionales. Esperamos que en un plazo de cuatro meses las obras puedan comenzar nuevamente\u201d, precis\u00f3.<\/p>\n\n\n\n<p>Desde el Consejo Regional, las reacciones tambi\u00e9n fueron positivas. El consejero Francisco Reyes destac\u00f3 la voluntad pol\u00edtica de ambas partes: \u201cEsto da cuenta de una apertura tanto del Gobierno Regional como del municipio. M\u00e1s all\u00e1 del presupuesto, lo importante es que las actuales y futuras generaciones del Carmela Carvajal tendr\u00e1n certeza sobre su liceo\u201d.<\/p>\n\n\n\n<p>En tanto, el presidente de la Comisi\u00f3n Provincial de Osorno, Alexis Casanova, valor\u00f3 el gesto del municipio: \u201cUna generaci\u00f3n entera se matricul\u00f3 en el Carmela Carvajal y sali\u00f3 en otro establecimiento. Hoy se antepone el anhelo de esa comunidad estudiantil. El acuerdo con el gobernador permite liberar flujo financiero, como el destinado al proyecto del Juzgado de Polic\u00eda Local, y as\u00ed apalancar esta obra tan esperada\u201d.<\/p>\n\n\n\n<p>Finalmente, el consejero Eduardo Parada calific\u00f3 la decisi\u00f3n como \u201cuna gran noticia para toda nuestra querida provincia\u201d, destacando la coordinaci\u00f3n entre municipio y Gobierno Regional para hacer posible la continuidad del proyecto.<\/p>\n\n\n\n<p>El Gobernador Regional con acuerdo de los consejeros regionales de la provincia de Osorno, acuerdan incrementar el presupuesto para la ejecuci\u00f3n de la obra del Liceo Carmela Carvajal de Prat en $ 400.000.000 para el a\u00f1o 2025; y en $ 7.500.000.000 para el 2026, y $ 8.081.016.616 para el 2027.<\/p>\n\n\n\n<p>Con la asignaci\u00f3n de estos recursos ya aprobados, se espera que en las pr\u00f3ximas semanas el proyecto pase por el proceso de toma de raz\u00f3n en Contralor\u00eda. Donde se espera que las obras se retomen en un plazo no mayor a cinco meses, marcando as\u00ed el reinicio formal de una obra clave para el sistema educativo de Osorno.<\/p>\n","protected":false},"excerpt":{"rendered":"<p>\u00abEn una se\u00f1al concreta de compromiso con la educaci\u00f3n p\u00fablica\u00bb se\u00f1ala al incio el comunicado enviado desde el Gobierno Regional.<\/p>\n","protected":false},"author":1,"featured_media":28463,"comment_status":"closed","ping_status":"closed","sticky":false,"template":"","format":"standard","meta":{"footnotes":""},"categories":[3,2494,2495,3597,3816],"tags":[2118,337,273,247,133],"class_list":["post-28462","post","type-post","status-publish","format-standard","has-post-thumbnail","hentry","category-al-dia","category-core","category-gore","category-municipalidad","category-partidos-politicos","tag-semanariolocal","tag-informacion","tag-noticias","tag-region-de-los-lagos","tag-semanario-local"],"_links":{"self":[{"href":"https:\/\/www.semanariolocal.cl\/index.php?rest_route=\/wp\/v2\/posts\/28462","targetHints":{"allow":["GET"]}}],"collection":[{"href":"https:\/\/www.semanariolocal.cl\/index.php?rest_route=\/wp\/v2\/posts"}],"about":[{"href":"https:\/\/www.semanariolocal.cl\/index.php?rest_route=\/wp\/v2\/types\/post"}],"author":[{"embeddable":true,"href":"https:\/\/www.semanariolocal.cl\/index.php?rest_route=\/wp\/v2\/users\/1"}],"replies":[{"embeddable":true,"href":"https:\/\/www.semanariolocal.cl\/index.php?rest_route=%2Fwp%2Fv2%2Fcomments&post=28462"}],"version-history":[{"count":2,"href":"https:\/\/www.semanariolocal.cl\/index.php?rest_route=\/wp\/v2\/posts\/28462\/revisions"}],"predecessor-version":[{"id":28466,"href":"https:\/\/www.semanariolocal.cl\/index.php?rest_route=\/wp\/v2\/posts\/28462\/revisions\/28466"}],"wp:featuredmedia":[{"embeddable":true,"href":"https:\/\/www.semanariolocal.cl\/index.php?rest_route=\/wp\/v2\/media\/28463"}],"wp:attachment":[{"href":"https:\/\/www.semanariolocal.cl\/index.php?rest_route=%2Fwp%2Fv2%2Fmedia&parent=28462"}],"wp:term":[{"taxonomy":"category","embeddable":true,"href":"https:\/\/www.semanariolocal.cl\/index.php?rest_route=%2Fwp%2Fv2%2Fcategories&post=28462"},{"taxonomy":"post_tag","embeddable":true,"href":"https:\/\/www.semanariolocal.cl\/index.php?rest_route=%2Fwp%2Fv2%2Ftags&post=28462"}],"curies":[{"name":"wp","href":"https:\/\/api.w.org\/{rel}","templated":true}]}}