{"id":28431,"date":"2025-04-27T08:10:00","date_gmt":"2025-04-27T12:10:00","guid":{"rendered":"https:\/\/www.semanariolocal.cl\/?p=28431"},"modified":"2025-04-28T11:20:56","modified_gmt":"2025-04-28T15:20:56","slug":"como-la-legislacion-protege-al-cuerpo-docente-de-un-establecimiento-escolar","status":"publish","type":"post","link":"https:\/\/www.semanariolocal.cl\/?p=28431","title":{"rendered":"\u00bfC\u00f3mo la legislaci\u00f3n protege al cuerpo docente de un establecimiento escolar?\u00a0"},"content":{"rendered":"\n<p><strong><mark style=\"background-color:#abb8c3\" class=\"has-inline-color has-white-color\">27 de abril del 2025.- <\/mark><\/strong>En nuestro pa\u00eds, el cuerpo docente y los asistentes de la educaci\u00f3n est\u00e1n protegidos por el C\u00f3digo Penal. En ese sentido, por ejemplo, respecto del delito de amenazas y lesiones, se establecen penas m\u00e1s duras por la sola consideraci\u00f3n de su dignidad.\u00a0<\/p>\n\n\n\n<p>Adicionalmente, la ley N\u00b0 21.040, que establece el nuevo Sistema de Educaci\u00f3n P\u00fablica de 2017, permite a los Servicio Locales de Educaci\u00f3n P\u00fablica (SLEP) presentar querellas por delitos perpetrados contra funcionarios de los establecimientos de su dependencia.<\/p>\n\n\n\n<p>Asimismo, el Estatuto Docente, en su art\u00edculo 8 bis, determina una especial gravedad sobre actos de violencia contra profesionales de la educaci\u00f3n.<\/p>\n\n\n\n<p>\u00bfY qu\u00e9 busca establecer la Ley de Convivencia Escolar?&nbsp; Ya existe una ley sobre violencia escolar del a\u00f1o 2011. Sin embargo, no ha sido suficiente para un cambio radical en la cultura del respeto que debe imperar en los establecimientos. Esto debido a que no se han reducido los hechos violentos entre miembros de las comunidades escolares.<\/p>\n\n\n\n<p>En tanto, el proyecto de ley presentado por el gobierno del Presidente Boric (bolet\u00edn 16901-04), actualmente en el Senado, busca dar un rol m\u00e1s protag\u00f3nico al Estado como reforzar a la Superintendencia de Educaci\u00f3n.<\/p>\n\n\n\n<p>Esta iniciativa pretende fortalecer los reglamentos internos de convivencia existentes, haciendo m\u00e1s claros los procedimientos. As\u00ed como tambi\u00e9n enfatiza en la necesidad de realizar efectivamente denuncias de los hechos que constituyan delitos ante las Polic\u00edas, Ministerio P\u00fablico o Tribunales de Justicia.<\/p>\n\n\n\n<p>Otra relevancia de la ley es la creaci\u00f3n de un \u201cCoordinador de Convivencia\u201d, quien liderar\u00e1 la adecuaci\u00f3n del Plan de Gesti\u00f3n de la Convivencia Educativa como el reglamento interno.<\/p>\n\n\n\n<p>Por su parte, este proyecto crea medidas de protecci\u00f3n especiales sobre agresiones de apoderados al cuerpo docente, donde pueden aplicarse sanciones al apoderado agresor, como la prohibici\u00f3n del ingreso al establecimiento.<\/p>\n\n\n\n<p>Esta iniciativa legal va bien encaminada. Pero hay que otorgarle m\u00e1s recursos formativos a la Superintendencia de Educaci\u00f3n, debido a su capacidad de llegar directamente a los establecimientos, a los profesionales y asistentes de la educaci\u00f3n y a las familias de los alumnos.<\/p>\n\n\n\n<p><strong>\u00a0Rodrigo Verdugo, acad\u00e9mico de la Facultad de Derecho de la Universidad Andr\u00e9s Bello<\/strong><\/p>\n","protected":false},"excerpt":{"rendered":"<p>En las \u00faltimas semanas han aparecido en la prensa casos serios de violencia contra el profesorado en Chile. <\/p>\n","protected":false},"author":1,"featured_media":28432,"comment_status":"closed","ping_status":"closed","sticky":false,"template":"","format":"standard","meta":{"footnotes":""},"categories":[3302,3,3843,7,3842],"tags":[2118,337,273,4187,133],"class_list":["post-28431","post","type-post","status-publish","format-standard","has-post-thumbnail","hentry","category-academia","category-al-dia","category-derechos-sociales","category-opinion","category-politicas-publicas","tag-semanariolocal","tag-informacion","tag-noticias","tag-rodrigo-verdugo","tag-semanario-local"],"_links":{"self":[{"href":"https:\/\/www.semanariolocal.cl\/index.php?rest_route=\/wp\/v2\/posts\/28431","targetHints":{"allow":["GET"]}}],"collection":[{"href":"https:\/\/www.semanariolocal.cl\/index.php?rest_route=\/wp\/v2\/posts"}],"about":[{"href":"https:\/\/www.semanariolocal.cl\/index.php?rest_route=\/wp\/v2\/types\/post"}],"author":[{"embeddable":true,"href":"https:\/\/www.semanariolocal.cl\/index.php?rest_route=\/wp\/v2\/users\/1"}],"replies":[{"embeddable":true,"href":"https:\/\/www.semanariolocal.cl\/index.php?rest_route=%2Fwp%2Fv2%2Fcomments&post=28431"}],"version-history":[{"count":1,"href":"https:\/\/www.semanariolocal.cl\/index.php?rest_route=\/wp\/v2\/posts\/28431\/revisions"}],"predecessor-version":[{"id":28433,"href":"https:\/\/www.semanariolocal.cl\/index.php?rest_route=\/wp\/v2\/posts\/28431\/revisions\/28433"}],"wp:featuredmedia":[{"embeddable":true,"href":"https:\/\/www.semanariolocal.cl\/index.php?rest_route=\/wp\/v2\/media\/28432"}],"wp:attachment":[{"href":"https:\/\/www.semanariolocal.cl\/index.php?rest_route=%2Fwp%2Fv2%2Fmedia&parent=28431"}],"wp:term":[{"taxonomy":"category","embeddable":true,"href":"https:\/\/www.semanariolocal.cl\/index.php?rest_route=%2Fwp%2Fv2%2Fcategories&post=28431"},{"taxonomy":"post_tag","embeddable":true,"href":"https:\/\/www.semanariolocal.cl\/index.php?rest_route=%2Fwp%2Fv2%2Ftags&post=28431"}],"curies":[{"name":"wp","href":"https:\/\/api.w.org\/{rel}","templated":true}]}}