{"id":28285,"date":"2025-04-21T11:30:00","date_gmt":"2025-04-21T15:30:00","guid":{"rendered":"https:\/\/www.semanariolocal.cl\/?p=28285"},"modified":"2025-04-21T23:22:27","modified_gmt":"2025-04-22T03:22:27","slug":"conaf-y-sso-firman-convenio-para-arborizacion-de-hospitales-interculturales","status":"publish","type":"post","link":"https:\/\/www.semanariolocal.cl\/?p=28285","title":{"rendered":"CONAF y SSO firman convenio para arborizaci\u00f3n de hospitales interculturales"},"content":{"rendered":"\n<p><strong><mark style=\"background-color:#abb8c3\" class=\"has-inline-color has-white-color\">21 de Abril del 2025.- <\/mark><\/strong>La Corporaci\u00f3n Nacional Forestal (CONAF) de Los Lagos y el Servicio de Salud Osorno (SSO) suscribieron un convenio de cooperaci\u00f3n, que permitir\u00e1 ejecutar proyectos de arborizaci\u00f3n en los hospitales interculturales\u00a0<em>Futa Sr\u00fcka Lawenche Kunko Mapu Mo<\/em>\u00a0de San Juan de la Costa y\u00a0<em>Pu M\u00fclen<\/em>\u00a0de Quilacahu\u00edn de San Pablo, con el fin de mejorar el entorno natural de ambos recintos, permitiendo relevar la pertinencia respecto de la conexi\u00f3n con la naturaleza de los pueblos originarios.<\/p>\n\n\n\n<p>En representaci\u00f3n de ambas instituciones, firmaron el director regional de CONAF, Miguel Leiva, y el director del SSO, Rodrigo Alarc\u00f3n. Lo anterior, en el marco del trabajo colaborativo entre dichas reparticiones, y cuya instancia cont\u00f3 tambi\u00e9n con presencia de respectivos asesores t\u00e9cnicos, as\u00ed como de la directora del hospital de La Costa, Marlene Mu\u00f1oz, y la directora del hospital sanpablino, Carolina Obando. &nbsp;&nbsp;<\/p>\n\n\n\n<p>\u201cEste convenio hace que los pacientes y las personas que van a estos recintos, puedan sentirse culturalmente en un ambiente mucho m\u00e1s acogedor. Por lo tanto, la colaboraci\u00f3n que podamos prestar en este paisajismo, en entrega de \u00e1rboles y en mejorar estos espacios verdes para estos dos hospitales y sus comunidades, nos parece extraordinario\u201d, destac\u00f3 en la oportunidad el director regional de CONAF.<\/p>\n\n\n\n<p>Por su parte, el director del SSO, junto con agradecer este importante aporte a la red asistencial y destacar el trabajo mancomunado, agreg\u00f3 que \u201cesta arborizaci\u00f3n con especies nativas le va a dar un entorno m\u00e1s fresco a nuestros hospitales interculturales, un entorno m\u00e1s seguro, se va a recuperar la naturaleza que exist\u00eda antes y va a mejorar el entorno, as\u00ed que estamos muy felices por haberlo logrado, pues es una aspiraci\u00f3n de los pueblos, de nuestros vecinos y de nuestros usuarios\u201d.<\/p>\n\n\n\n<p>Junto a las respectivas autoridades, por parte de CONAF acompa\u00f1aron la firma el jefe provincial, Daniell Mart\u00ednez, y la asistente del programa de arborizaci\u00f3n, Gabriela Gonz\u00e1lez; mientras que por parte del SSO estuvieron presentes los profesionales de la Unidad Salud Pueblos Originarios (Departamento Participaci\u00f3n Ciudadana), Soledad Llonc\u00f3n y Pedro Huito, y el profesional del Departamento de Proyectos, Felipe \u00c1vila. &nbsp;<\/p>\n\n\n\n<p>Cabe mencionar que se trata de un convenio con vigencia hasta el 31 de diciembre de 2028, en el que CONAF, mediante su programa de arborizaci\u00f3n comunitaria, dispondr\u00e1 de un financiamiento de $24 millones, que incluye especies arb\u00f3reas y arbustivas nativas, cercado, ejecuci\u00f3n de obra principal y asesor\u00eda t\u00e9cnica. La comunidad, en tanto, tambi\u00e9n aportar\u00e1 con especies de sus propios predios. De parte el SSO se realiza aporte en dise\u00f1o, en insumos espec\u00edficos complementarios y en el mantenimiento de los espacios arbolados una vez establecidos.<\/p>\n\n\n\n<p>Cabe destacar que, en el dise\u00f1o, formulaci\u00f3n y ejecuci\u00f3n del convenio, se considera la participaci\u00f3n de la comunidad de usuarios de ambos establecimientos, as\u00ed como mesas territoriales, consejos de desarrollo, sanadores locales, entre otros. Todo aquello, para la protecci\u00f3n de zonas relevantes para el sistema de salud intercultural mapuche-huilliche.&nbsp;<\/p>\n","protected":false},"excerpt":{"rendered":"<p>CONAF Los Lagos financiar\u00e1 especies nativas, cercado, ejecuci\u00f3n de obra principal y asesor\u00eda t\u00e9cnica.<\/p>\n","protected":false},"author":1,"featured_media":28286,"comment_status":"closed","ping_status":"closed","sticky":false,"template":"","format":"standard","meta":{"footnotes":""},"categories":[3,10,3608,9,2484],"tags":[2118,583,337,273,247,133,2053],"class_list":["post-28285","post","type-post","status-publish","format-standard","has-post-thumbnail","hentry","category-al-dia","category-cultura","category-estado","category-gobierno","category-salud","tag-semanariolocal","tag-conaf","tag-informacion","tag-noticias","tag-region-de-los-lagos","tag-semanario-local","tag-servicio-de-salud-osorno"],"_links":{"self":[{"href":"https:\/\/www.semanariolocal.cl\/index.php?rest_route=\/wp\/v2\/posts\/28285","targetHints":{"allow":["GET"]}}],"collection":[{"href":"https:\/\/www.semanariolocal.cl\/index.php?rest_route=\/wp\/v2\/posts"}],"about":[{"href":"https:\/\/www.semanariolocal.cl\/index.php?rest_route=\/wp\/v2\/types\/post"}],"author":[{"embeddable":true,"href":"https:\/\/www.semanariolocal.cl\/index.php?rest_route=\/wp\/v2\/users\/1"}],"replies":[{"embeddable":true,"href":"https:\/\/www.semanariolocal.cl\/index.php?rest_route=%2Fwp%2Fv2%2Fcomments&post=28285"}],"version-history":[{"count":1,"href":"https:\/\/www.semanariolocal.cl\/index.php?rest_route=\/wp\/v2\/posts\/28285\/revisions"}],"predecessor-version":[{"id":28287,"href":"https:\/\/www.semanariolocal.cl\/index.php?rest_route=\/wp\/v2\/posts\/28285\/revisions\/28287"}],"wp:featuredmedia":[{"embeddable":true,"href":"https:\/\/www.semanariolocal.cl\/index.php?rest_route=\/wp\/v2\/media\/28286"}],"wp:attachment":[{"href":"https:\/\/www.semanariolocal.cl\/index.php?rest_route=%2Fwp%2Fv2%2Fmedia&parent=28285"}],"wp:term":[{"taxonomy":"category","embeddable":true,"href":"https:\/\/www.semanariolocal.cl\/index.php?rest_route=%2Fwp%2Fv2%2Fcategories&post=28285"},{"taxonomy":"post_tag","embeddable":true,"href":"https:\/\/www.semanariolocal.cl\/index.php?rest_route=%2Fwp%2Fv2%2Ftags&post=28285"}],"curies":[{"name":"wp","href":"https:\/\/api.w.org\/{rel}","templated":true}]}}