{"id":28239,"date":"2025-04-16T19:35:20","date_gmt":"2025-04-16T23:35:20","guid":{"rendered":"https:\/\/www.semanariolocal.cl\/?p=28239"},"modified":"2025-04-16T19:35:22","modified_gmt":"2025-04-16T23:35:22","slug":"junaeb-alcanzo-100-de-entrega-de-utiles-escolares-en-la-provincia-de-osorno","status":"publish","type":"post","link":"https:\/\/www.semanariolocal.cl\/?p=28239","title":{"rendered":"Junaeb alcanz\u00f3 100% de entrega de \u00datiles Escolares en la provincia de Osorno"},"content":{"rendered":"\n<p><strong><mark style=\"background-color:#abb8c3\" class=\"has-inline-color has-white-color\">16 de Abril del 2025.-<\/mark><\/strong> En la Escuela&nbsp;Rural Bah\u00eda Mansa, San Juan de la Costa, se efectu\u00f3 la entrega de los \u00faltimos&nbsp;112&nbsp;sets de \u00fatiles escolares&nbsp;con los que Junaeb alcanz\u00f3 la distribuci\u00f3n&nbsp;del&nbsp;100%&nbsp;de los estudiantes contemplados&nbsp;en la provincia de Osorno&nbsp;y el 99,5% en la regi\u00f3n de Los Lagos.<\/p>\n\n\n\n<p>El director regional de Junaeb, V\u00edctor Nail, acompa\u00f1ado por el&nbsp;jefe&nbsp;provincial de Educaci\u00f3n, Luis Solis;&nbsp;el alcalde de San Juan de la Costa,&nbsp;Jos\u00e9 Luis Mu\u00f1oz, y&nbsp;la directora de DAEM, Ximena Tiznado, llegaron hasta la escuela costera para entregar&nbsp;los&nbsp;art\u00edculos escolares,&nbsp;que&nbsp;son un complemento a las listas que los estudiantes requieren para el a\u00f1o escolar.<\/p>\n\n\n\n<p>Este 2025, el Programa&nbsp;benefici\u00f3&nbsp;a&nbsp;121.266&nbsp;estudiantes&nbsp;en toda la regi\u00f3n,&nbsp;de los cuales&nbsp;32.557&nbsp;corresponden a las&nbsp;7&nbsp;comunas de&nbsp;Osorno,&nbsp;con una&nbsp;inversi\u00f3n&nbsp;provincial&nbsp;de $146.144.081&nbsp;pesos,&nbsp;para la entrega de&nbsp;sets de \u00fatiles,&nbsp;adaptados a los distintos niveles educativos: necesidades educativas especiales, p\u00e1rvulo, educaci\u00f3n b\u00e1sica, media y adultos.&nbsp;<\/p>\n\n\n\n<p>Respecto de la distribuci\u00f3n, Junaeb inform\u00f3 que el&nbsp;despliegue fue tan exitoso, que el cumplimiento de la entrega&nbsp;se alcanz\u00f3&nbsp;dos&nbsp;semanas antes de la fecha comprometida.&nbsp;<\/p>\n\n\n\n<p><em>\u201c<\/em><em>Con este hito del 100% de entrega de \u00fatiles escolares en la provincia de Osorno, estamos cumpliendo con algo que no hab\u00edamos propuesto, que era iniciar el a\u00f1o escolar, precisamente entregando \u00fatiles escolares. Faltan alrededor de 36 establecimientos en toda la regi\u00f3n de Los Lagos, de los 775 contemplados para este a\u00f1o. Y todo indica que<\/em><em>,<\/em><em>&nbsp;si seguimos as\u00ed, llegaremos al 100% antes del 29 de abril. Sin duda era la fecha que no<\/em><em>s<\/em><em>&nbsp;hab\u00edamos propuesto porque entendemos la importancia que tiene, no solo para las y los estudiantes, sino tambi\u00e9n para la econom\u00eda de sus familias. Estamos muy contentos de poder seguir aportando a las trayectorias educativas de las ni\u00f1as, los ni\u00f1os y los adolescentes, pero tambi\u00e9n<\/em><em>&nbsp;de<\/em><em>&nbsp;los adultos de la provincia y de la regi\u00f3n, a trav\u00e9s de los programas&nbsp;<\/em><em>y<\/em><em>&nbsp;becas que existen<\/em><em>\u201d<\/em><em>,<\/em>&nbsp;se\u00f1al\u00f3 el director regional de Junaeb.<\/p>\n\n\n\n<p>Para el alcalde de San Juan de la Costa, en tanto,&nbsp;\u201cfue una actividad bastante gratificante porque tuvimos la posibilidad de poder compartir con un curso particular de&nbsp;cuarto&nbsp;b\u00e1sico de la comuna y tambi\u00e9n pudimos participar en la entrega de unos kits de \u00fatiles escolares para preb\u00e1sica donde estuvimos ah\u00ed participando tambi\u00e9n con los ni\u00f1os. As\u00ed que creo que es una forma de fomentar, cierto, y sobre todo generar la creatividad particularmente en los ni\u00f1os y ni\u00f1as y obviamente es una forma tambi\u00e9n de poder entregar los recursos pedag\u00f3gicos a trav\u00e9s de los \u00fatiles escolares que es tan necesario para que ellos obviamente puedan tener la posibilidad de poder desarrollar de mejor manera, cierto, su proceso de aprendizaje\u201d, se\u00f1al\u00f3.<\/p>\n\n\n\n<p>El Programa&nbsp;de \u00datiles Escolares (PUE), que&nbsp;<a><\/a>contempla la cobertura del&nbsp;100% de establecimientos p\u00fablicos y de forma focalizada en particulares subvencionados,&nbsp;tiene por objetivo fortalecer el acceso a la educaci\u00f3n y aliviar la carga econ\u00f3mica de las familias, asegurando que cada estudiante comience el a\u00f1o escolar en igualdad de condiciones.<\/p>\n\n\n\n<p>Los sets escolares incluyen cuadernos universitarios, cajas de l\u00e1pices de colores, reglas, goma de borrar, sacapuntas, entre otros art\u00edculos que var\u00edan seg\u00fan cada ciclo.&nbsp;Adem\u00e1s, los cuadernos incluyen contenidos educativos para los estudiantes, como tips de vida saludable, educaci\u00f3n vial, colaciones saludables, claves de la actividad f\u00edsica, auto cuidado, salud mental y salud visual, entre otros.<\/p>\n","protected":false},"excerpt":{"rendered":"<p>El programa contempl\u00f3 la cobertura del 100% de establecimientos p\u00fablicos y de forma focalizada en particulares subvencionados, con una inversi\u00f3n de $146 millones de pesos.<\/p>\n","protected":false},"author":1,"featured_media":28240,"comment_status":"closed","ping_status":"closed","sticky":false,"template":"","format":"standard","meta":{"footnotes":""},"categories":[3,8,11,9],"tags":[2118,3378,337,1315,273,132,247,133],"class_list":["post-28239","post","type-post","status-publish","format-standard","has-post-thumbnail","hentry","category-al-dia","category-comunas","category-educacion","category-gobierno","tag-semanariolocal","tag-deprov-osorno","tag-informacion","tag-municipalidad-de-san-juan-de-la-costa","tag-noticias","tag-osorno","tag-region-de-los-lagos","tag-semanario-local"],"_links":{"self":[{"href":"https:\/\/www.semanariolocal.cl\/index.php?rest_route=\/wp\/v2\/posts\/28239","targetHints":{"allow":["GET"]}}],"collection":[{"href":"https:\/\/www.semanariolocal.cl\/index.php?rest_route=\/wp\/v2\/posts"}],"about":[{"href":"https:\/\/www.semanariolocal.cl\/index.php?rest_route=\/wp\/v2\/types\/post"}],"author":[{"embeddable":true,"href":"https:\/\/www.semanariolocal.cl\/index.php?rest_route=\/wp\/v2\/users\/1"}],"replies":[{"embeddable":true,"href":"https:\/\/www.semanariolocal.cl\/index.php?rest_route=%2Fwp%2Fv2%2Fcomments&post=28239"}],"version-history":[{"count":1,"href":"https:\/\/www.semanariolocal.cl\/index.php?rest_route=\/wp\/v2\/posts\/28239\/revisions"}],"predecessor-version":[{"id":28241,"href":"https:\/\/www.semanariolocal.cl\/index.php?rest_route=\/wp\/v2\/posts\/28239\/revisions\/28241"}],"wp:featuredmedia":[{"embeddable":true,"href":"https:\/\/www.semanariolocal.cl\/index.php?rest_route=\/wp\/v2\/media\/28240"}],"wp:attachment":[{"href":"https:\/\/www.semanariolocal.cl\/index.php?rest_route=%2Fwp%2Fv2%2Fmedia&parent=28239"}],"wp:term":[{"taxonomy":"category","embeddable":true,"href":"https:\/\/www.semanariolocal.cl\/index.php?rest_route=%2Fwp%2Fv2%2Fcategories&post=28239"},{"taxonomy":"post_tag","embeddable":true,"href":"https:\/\/www.semanariolocal.cl\/index.php?rest_route=%2Fwp%2Fv2%2Ftags&post=28239"}],"curies":[{"name":"wp","href":"https:\/\/api.w.org\/{rel}","templated":true}]}}