{"id":28166,"date":"2025-04-12T07:00:00","date_gmt":"2025-04-12T11:00:00","guid":{"rendered":"https:\/\/www.semanariolocal.cl\/?p=28166"},"modified":"2025-04-12T23:17:25","modified_gmt":"2025-04-13T03:17:25","slug":"mas-alla-de-ideologias-el-rol-de-las-federaciones-de-estudiantes","status":"publish","type":"post","link":"https:\/\/www.semanariolocal.cl\/?p=28166","title":{"rendered":"M\u00e1s all\u00e1 de ideolog\u00edas: el rol de las Federaciones de Estudiantes"},"content":{"rendered":"\n<p><strong><mark style=\"background-color:#abb8c3\" class=\"has-inline-color has-white-color\">12 de abril 2025.-<\/mark><\/strong> Quiz\u00e1,  parte de su causa, podr\u00eda pensarse, se debe al aumento de la matr\u00edcula estudiantil posterior a la reforma educacional y su paso a la gratuidad, un crecimiento brusco y acelerado de la poblaci\u00f3n estudiantil que plante\u00f3 un nuevo escenario para las dirigencias estudiantiles, uno en el que deb\u00edan conectar con grandes masas universitarias. Sin embargo, la sobre ideologizaci\u00f3n de estos espacios y el desinter\u00e9s por incidir en ellos son clave para la comprensi\u00f3n de esta problem\u00e1tica.<\/p>\n\n\n\n<p>Los organismos estudiantiles en Chile han gozado de ser, de forma hist\u00f3rica, uno de los conductos m\u00e1s claros de ingreso a la pol\u00edtica nacional, claro queda al ver el pasado de las actuales autoridades de gobierno, entre ellos el actual Ministro del Interior \u00c1lvaro Elizalde, el Ministro de Econom\u00eda Nicol\u00e1s Grau y, sin ir m\u00e1s lejos, el Presidente de la Rep\u00fablica Gabriel Boric, quienes participaron en escenarios pol\u00edticos clave, como lo fueron las manifestaciones estudiantiles del a\u00f1o 2011, durante la llamada \u201cRevoluci\u00f3n pinguina\u201d, y que concluyeron en reformas hist\u00f3ricas como la Ley corta de Gratuidad Universitaria y la posterior Ley de Educaci\u00f3n Superior promulgadas por el entonces gobierno de Michelle Bachelet. Como resultado, en 2016, 45.808 nuevos estudiantes accedieron a la educaci\u00f3n superior gracias a la gratuidad.<\/p>\n\n\n\n<p>Sin lugar a dudas este nuevo panorama dio un vuelco para las acciones universitarias, que ve\u00edan una de sus m\u00e1s grandes luchas ser resuelta por la implementaci\u00f3n progresiva de la gratuidad en Chile, y que planteaba para las dirigencias estudiantiles un trabajo de conexi\u00f3n con sus bases mucho m\u00e1s exhaustivo, uno que no buscara explotar m\u00e1s&nbsp; la dimensi\u00f3n pol\u00edtica, sino que buscara adaptarse a esta nueva realidad, poniendo en pr\u00e1ctica mecanismos que permitieran ver la labor de la representaci\u00f3n estudiantil como parte integral de la vida universitaria, que sin embargo no sucedi\u00f3.<\/p>\n\n\n\n<p>La crisis de participaci\u00f3n en casas de estudio tradicionales es palpable. La FECh se encuentra desde hace a\u00f1os en un camino sin salida para validar sus elecciones, o situaciones como la de la Universidad Cat\u00f3lica del Norte, con una mesa interina permanente incapaz de generar llamados a elecci\u00f3n fruct\u00edferos que permitan a su comunidad gozar de directivas completamente representativas. Estas realidades se cimentan en la falta de participaci\u00f3n estudiantil y la falta de inter\u00e9s e involucramiento en la pol\u00edtica universitaria, que terminan por erosionar los sistemas democr\u00e1ticos y, en consecuencia, en la falta de l\u00edderes representativos que lideren procesos de cambio profundos en sus casas de estudio.<\/p>\n\n\n\n<p>\u00bfA qu\u00e9 se debe esta falta de inter\u00e9s y participaci\u00f3n? A una sobre ideologizaci\u00f3n de estos espacios. El uso de las representaciones estudiantiles como medios de acceso a la pol\u00edtica nacional ha marcado pauta en las universidades. El uso indiscriminado de cargos de elecci\u00f3n popular como meros trampolines e instrumentos de visibilizaci\u00f3n ha deteriorado la visi\u00f3n de estos \u00f3rganos como espacios de di\u00e1logo y negociaci\u00f3n de las problem\u00e1ticas estudiantiles fundamentales, y de la validez que cobran en situaciones de crisis como lo viven actualmente estudiantes de la Universidad de la Frontera, que lidian una de sus mayores crisis financieras de forma hist\u00f3rica.<\/p>\n\n\n\n<p>Claro queda cuando vemos la hist\u00f3rica victoria de colectivos estudiantiles de centro derecha como Solidaridad en la Universidad Cat\u00f3lica, que lograron vencer a una lista de izquierda dura como Amanecer, o candidaturas lejanas a la izquierda dominante como lo son la de Borja Y\u00e1\u00f1ez a la Delegatura CONFECh de la Universidad de Chile, que han logrado reanimar un inter\u00e9s por la participaci\u00f3n universitaria.<\/p>\n\n\n\n<p>Superar esta crisis de participaci\u00f3n depender\u00e1 de la capacidad de los representantes universitarios por trabajar en las distintas dimensiones que su labor presenta, no monopolizando la representaci\u00f3n estudiantil a los asuntos pol\u00edticos, sino que demostrando la real capacidad por lograr cambios profundos en sus campus. Esto implica la generaci\u00f3n de pol\u00edticas estudiantiles que vayan en pro de mejorar la convivencia en los espacios de estudio y en la capacidad de gesti\u00f3n de estas din\u00e1micas para la resoluci\u00f3n de los conflictos que aquejan a su comunidad y no a sus nichos.<\/p>\n\n\n\n<p><em>Juanclaudio Garc\u00eda Fil\u00fan &#8211; Vicepresidente Nacional Juventud Ev\u00f3poli<\/em><\/p>\n","protected":false},"excerpt":{"rendered":"<p>No es una novedad que la pol\u00edtica universitaria atraviesa una crisis de participaci\u00f3n y de irrelevancia hace muchos a\u00f1os.<\/p>\n","protected":false},"author":1,"featured_media":28167,"comment_status":"closed","ping_status":"closed","sticky":false,"template":"","format":"standard","meta":{"footnotes":""},"categories":[3,11,3816,6],"tags":[2118,337,273,132,247,133],"class_list":["post-28166","post","type-post","status-publish","format-standard","has-post-thumbnail","hentry","category-al-dia","category-educacion","category-partidos-politicos","category-politica","tag-semanariolocal","tag-informacion","tag-noticias","tag-osorno","tag-region-de-los-lagos","tag-semanario-local"],"_links":{"self":[{"href":"https:\/\/www.semanariolocal.cl\/index.php?rest_route=\/wp\/v2\/posts\/28166","targetHints":{"allow":["GET"]}}],"collection":[{"href":"https:\/\/www.semanariolocal.cl\/index.php?rest_route=\/wp\/v2\/posts"}],"about":[{"href":"https:\/\/www.semanariolocal.cl\/index.php?rest_route=\/wp\/v2\/types\/post"}],"author":[{"embeddable":true,"href":"https:\/\/www.semanariolocal.cl\/index.php?rest_route=\/wp\/v2\/users\/1"}],"replies":[{"embeddable":true,"href":"https:\/\/www.semanariolocal.cl\/index.php?rest_route=%2Fwp%2Fv2%2Fcomments&post=28166"}],"version-history":[{"count":1,"href":"https:\/\/www.semanariolocal.cl\/index.php?rest_route=\/wp\/v2\/posts\/28166\/revisions"}],"predecessor-version":[{"id":28168,"href":"https:\/\/www.semanariolocal.cl\/index.php?rest_route=\/wp\/v2\/posts\/28166\/revisions\/28168"}],"wp:featuredmedia":[{"embeddable":true,"href":"https:\/\/www.semanariolocal.cl\/index.php?rest_route=\/wp\/v2\/media\/28167"}],"wp:attachment":[{"href":"https:\/\/www.semanariolocal.cl\/index.php?rest_route=%2Fwp%2Fv2%2Fmedia&parent=28166"}],"wp:term":[{"taxonomy":"category","embeddable":true,"href":"https:\/\/www.semanariolocal.cl\/index.php?rest_route=%2Fwp%2Fv2%2Fcategories&post=28166"},{"taxonomy":"post_tag","embeddable":true,"href":"https:\/\/www.semanariolocal.cl\/index.php?rest_route=%2Fwp%2Fv2%2Ftags&post=28166"}],"curies":[{"name":"wp","href":"https:\/\/api.w.org\/{rel}","templated":true}]}}