{"id":28081,"date":"2025-04-09T23:15:16","date_gmt":"2025-04-10T03:15:16","guid":{"rendered":"https:\/\/www.semanariolocal.cl\/?p=28081"},"modified":"2025-04-09T23:16:35","modified_gmt":"2025-04-10T03:16:35","slug":"entornos-violentos-y-adolescencia","status":"publish","type":"post","link":"https:\/\/www.semanariolocal.cl\/?p=28081","title":{"rendered":"Entornos violentos y adolescencia"},"content":{"rendered":"\n<p><strong><mark style=\"background-color:#abb8c3\" class=\"has-inline-color has-white-color\">09 de abril del 2025.- <\/mark><\/strong>La exposici\u00f3n constante a contextos de violencia afecta el desarrollo emocional y ps\u00edquico, normalizando conductas agresivas y debilitando mecanismos internos de regulaci\u00f3n. En situaciones de pobreza, desintegraci\u00f3n familiar o exclusi\u00f3n social, estos factores se intensifican, y la violencia puede ser una forma de interacci\u00f3n, defensa o afirmaci\u00f3n de identidad.<br>Un aspecto crucial es c\u00f3mo los adolescentes perciben el presente. Influenciados por la instantaneidad de la vida cotidiana, creen que, si algo no se logra prontamente, nunca se conseguir\u00e1. Esto limita su capacidad para proyectarse al futuro, aumenta las reacciones impulsivas y la frustraci\u00f3n ante dificultades.<br>El Diagn\u00f3stico sobre la situaci\u00f3n de derechos de la ni\u00f1ez y adolescencia 2025 muestra esta complejidad. En 2024, 57 adolescentes fallecieron por lesiones autoinfligidas y 51 por armas de fuego. Estas muertes, junto con el aumento en atenciones de salud mental y consumo de sustancias, reflejan un entorno donde las condiciones para elaborar experiencias emocionales complejas son limitadas. Un 32% de ni\u00f1os y adolescentes declar\u00f3 sentir inseguridad en su barrio o escuela; en primero b\u00e1sico, esta percepci\u00f3n alcanz\u00f3 el 59%.<br>La agresividad es esperable en la adolescencia, pero su manifestaci\u00f3n depende del entorno para canalizarla. El juego simb\u00f3lico, el v\u00ednculo con figuras significativas y la posibilidad de expresar emociones en espacios seguros transforman la agresi\u00f3n en creatividad. Sin estas condiciones, la violencia puede ser la \u00fanica v\u00eda de expresi\u00f3n ante un mundo percibido como amenazante.<br>Entre 2019 y 2024, aument\u00f3 un 10,7% la cantidad de estudiantes de cuarto medio que dicen sentirse solos. El 70% de estudiantes entre quinto b\u00e1sico y cuarto medio report\u00f3 haber sufrido acciones que los hicieron sentir mal, principalmente por su apariencia f\u00edsica (37%), forma de ser (30%) o rendimiento acad\u00e9mico (30%). Estas experiencias contribuyen a una sensaci\u00f3n de exclusi\u00f3n que puede transformarse en conductas disruptivas o autodestructivas.<br>La presi\u00f3n por modelos sociales de \u00e9xito inmediato y supuesta perfecci\u00f3n \u2014reforzados por medios digitales\u2014 influye en c\u00f3mo los adolescentes enfrentan conflictos. La violencia no siempre es intencional, sino un intento de resolver la tensi\u00f3n entre lo que se espera ser y lo que se puede ser. Esta distancia entre el ideal social y la experiencia interna alimenta impulsos que, sin mediaci\u00f3n simb\u00f3lica, derivan en conductas violentas.<br>Los datos sobre violencia sexual son significativos. En 2024, hubo 89 interrupciones de embarazo en ni\u00f1as y adolescentes; el 88% por violaci\u00f3n, y el 58% involucrando a personas menores de 14 a\u00f1os. Tambi\u00e9n aumentaron un 45,12% entre 2022 y 2024 los delitos por explotaci\u00f3n sexual digital. Estos casos muestran entornos inseguros que fallan en proteger a ni\u00f1os, ni\u00f1as y adolescentes de formas estructurales de violencia.<br>El desaf\u00edo no es solo preventivo o punitivo, sino estructural y simb\u00f3lico. Pol\u00edticas p\u00fablicas orientadas al acompa\u00f1amiento emocional, la expresi\u00f3n simb\u00f3lica y el fortalecimiento de v\u00ednculos sociales pueden ofrecer alternativas viables a la violencia. La intervenci\u00f3n temprana, la educaci\u00f3n emocional y la promoci\u00f3n de espacios comunitarios seguros son clave para revertir estas trayectorias.<br>Los datos confirman que la violencia en la adolescencia refleja tanto el entorno como la historia personal y las condiciones para construir una identidad sin recurrir al da\u00f1o.<\/p>\n\n\n\n<p><strong>Juan Alejandro Uribe Guajardo<\/strong> &#8211; <strong>Acad\u00e9mico Psicolog\u00eda<\/strong> &#8211; <strong>Universidad Andres Bello<\/strong><\/p>\n","protected":false},"excerpt":{"rendered":"<p>La relaci\u00f3n entre entornos violentos y la conducta delictiva en adolescentes va m\u00e1s all\u00e1 de lo meramente observable. <\/p>\n","protected":false},"author":1,"featured_media":28082,"comment_status":"closed","ping_status":"closed","sticky":false,"template":"","format":"standard","meta":{"footnotes":""},"categories":[3,11,7,3265],"tags":[2118,77,337,273,132,113,247,133],"class_list":["post-28081","post","type-post","status-publish","format-standard","has-post-thumbnail","hentry","category-al-dia","category-educacion","category-opinion","category-psicologia","tag-semanariolocal","tag-educacion","tag-informacion","tag-noticias","tag-osorno","tag-puerto-montt","tag-region-de-los-lagos","tag-semanario-local"],"_links":{"self":[{"href":"https:\/\/www.semanariolocal.cl\/index.php?rest_route=\/wp\/v2\/posts\/28081","targetHints":{"allow":["GET"]}}],"collection":[{"href":"https:\/\/www.semanariolocal.cl\/index.php?rest_route=\/wp\/v2\/posts"}],"about":[{"href":"https:\/\/www.semanariolocal.cl\/index.php?rest_route=\/wp\/v2\/types\/post"}],"author":[{"embeddable":true,"href":"https:\/\/www.semanariolocal.cl\/index.php?rest_route=\/wp\/v2\/users\/1"}],"replies":[{"embeddable":true,"href":"https:\/\/www.semanariolocal.cl\/index.php?rest_route=%2Fwp%2Fv2%2Fcomments&post=28081"}],"version-history":[{"count":2,"href":"https:\/\/www.semanariolocal.cl\/index.php?rest_route=\/wp\/v2\/posts\/28081\/revisions"}],"predecessor-version":[{"id":28085,"href":"https:\/\/www.semanariolocal.cl\/index.php?rest_route=\/wp\/v2\/posts\/28081\/revisions\/28085"}],"wp:featuredmedia":[{"embeddable":true,"href":"https:\/\/www.semanariolocal.cl\/index.php?rest_route=\/wp\/v2\/media\/28082"}],"wp:attachment":[{"href":"https:\/\/www.semanariolocal.cl\/index.php?rest_route=%2Fwp%2Fv2%2Fmedia&parent=28081"}],"wp:term":[{"taxonomy":"category","embeddable":true,"href":"https:\/\/www.semanariolocal.cl\/index.php?rest_route=%2Fwp%2Fv2%2Fcategories&post=28081"},{"taxonomy":"post_tag","embeddable":true,"href":"https:\/\/www.semanariolocal.cl\/index.php?rest_route=%2Fwp%2Fv2%2Ftags&post=28081"}],"curies":[{"name":"wp","href":"https:\/\/api.w.org\/{rel}","templated":true}]}}