{"id":28064,"date":"2025-04-09T22:06:03","date_gmt":"2025-04-10T02:06:03","guid":{"rendered":"https:\/\/www.semanariolocal.cl\/?p=28064"},"modified":"2025-04-09T22:06:04","modified_gmt":"2025-04-10T02:06:04","slug":"comision-especial-investigadora-abordara-crisis-de-listas-de-espera-en-hospital-de-osorno","status":"publish","type":"post","link":"https:\/\/www.semanariolocal.cl\/?p=28064","title":{"rendered":"Comisi\u00f3n especial  investigadora abordar\u00e1 crisis de Listas de Espera en Hospital de Osorno"},"content":{"rendered":"\n<p><strong><mark style=\"background-color:#abb8c3\" class=\"has-inline-color has-white-color\">09 de abril del 2025.- <\/mark><\/strong>El diputado y presidente de la Comisi\u00f3n Especial Investigadora de Listas de Espera, Tom\u00e1s Lagomarsino (Partido Radical) confirm\u00f3 que la instancia sesionar\u00e1 este jueves 10 de abril en el Hospital Base San Jos\u00e9 de Osorno para abordar la situaci\u00f3n en dicha materia junto a directivos y funcionarios. Se trata de la quinta sesi\u00f3n que se realiza en regiones para recoger \u201cno s\u00f3lo los m\u00ednimos comunes de todas las listas de espera en nuestro pa\u00eds, sino que tambi\u00e9n los problemas que afectan a cada uno de los Servicios de Salud\u201d.<\/p>\n\n\n\n<p>Al respecto, el parlamentario destac\u00f3 que \u201cesta Comisi\u00f3n ha decidido no quedarse encerrada entre cuatro paredes en el Congreso Nacional, sino que ir a terrenos a ver las propias y diferentes razones por las cuales hay problemas en listas de espera y que son variadas en todo el pa\u00eds\u201d.<\/p>\n\n\n\n<p>Lo anterior, explic\u00f3, \u201cpara elaborar un informe contundente, no s\u00f3lo de los m\u00ednimos comunes de todas las listas de espera en nuestro pa\u00eds, sino que tambi\u00e9n de los problemas que afectan a cada uno de los Servicios de Salud\u201d.<\/p>\n\n\n\n<p>\u201cNos gustar\u00eda tener m\u00e1s tiempo para haber visitado los 29 Servicios de Salud, pero ya visitando ocho de ellos creemos que hemos realizado una buena labor y vamos a tener un informe muy contundente\u201d, concluy\u00f3.<\/p>\n\n\n\n<p>Finalmente la Comisi\u00f3n sesionar\u00e1 este jueves 10 abril desde las 09:30 a 11:30 hrs, instancia a la que han sido invitados los directores del Hospital de Osorno, Servicio de Salud de Osorno, Seremi de Salud, Colegio M\u00e9dico regional, Fenpruss, la Asociaci\u00f3n de Enfermeras y Enfermeros, la Comisi\u00f3n de Salud de Osorno, el Consejo de la Sociedad Civil en Salud, la Red de Salud de Pueblos Originarios y la Asociaci\u00f3n de Trabajadores de la Salud del hospital.<\/p>\n","protected":false},"excerpt":{"rendered":"<p>El diputado Radical Tom\u00e1s Lagomarsino presidir\u00e1 sesi\u00f3n en dependencias del hospital base de Osorno.<\/p>\n","protected":false},"author":1,"featured_media":28065,"comment_status":"closed","ping_status":"closed","sticky":false,"template":"","format":"standard","meta":{"footnotes":""},"categories":[3,2541,6,3842,2484],"tags":[2118,337,273,132,113,247,133],"class_list":["post-28064","post","type-post","status-publish","format-standard","has-post-thumbnail","hentry","category-al-dia","category-investigacion","category-politica","category-politicas-publicas","category-salud","tag-semanariolocal","tag-informacion","tag-noticias","tag-osorno","tag-puerto-montt","tag-region-de-los-lagos","tag-semanario-local"],"_links":{"self":[{"href":"https:\/\/www.semanariolocal.cl\/index.php?rest_route=\/wp\/v2\/posts\/28064","targetHints":{"allow":["GET"]}}],"collection":[{"href":"https:\/\/www.semanariolocal.cl\/index.php?rest_route=\/wp\/v2\/posts"}],"about":[{"href":"https:\/\/www.semanariolocal.cl\/index.php?rest_route=\/wp\/v2\/types\/post"}],"author":[{"embeddable":true,"href":"https:\/\/www.semanariolocal.cl\/index.php?rest_route=\/wp\/v2\/users\/1"}],"replies":[{"embeddable":true,"href":"https:\/\/www.semanariolocal.cl\/index.php?rest_route=%2Fwp%2Fv2%2Fcomments&post=28064"}],"version-history":[{"count":1,"href":"https:\/\/www.semanariolocal.cl\/index.php?rest_route=\/wp\/v2\/posts\/28064\/revisions"}],"predecessor-version":[{"id":28066,"href":"https:\/\/www.semanariolocal.cl\/index.php?rest_route=\/wp\/v2\/posts\/28064\/revisions\/28066"}],"wp:featuredmedia":[{"embeddable":true,"href":"https:\/\/www.semanariolocal.cl\/index.php?rest_route=\/wp\/v2\/media\/28065"}],"wp:attachment":[{"href":"https:\/\/www.semanariolocal.cl\/index.php?rest_route=%2Fwp%2Fv2%2Fmedia&parent=28064"}],"wp:term":[{"taxonomy":"category","embeddable":true,"href":"https:\/\/www.semanariolocal.cl\/index.php?rest_route=%2Fwp%2Fv2%2Fcategories&post=28064"},{"taxonomy":"post_tag","embeddable":true,"href":"https:\/\/www.semanariolocal.cl\/index.php?rest_route=%2Fwp%2Fv2%2Ftags&post=28064"}],"curies":[{"name":"wp","href":"https:\/\/api.w.org\/{rel}","templated":true}]}}