{"id":28061,"date":"2025-04-09T21:57:00","date_gmt":"2025-04-10T01:57:00","guid":{"rendered":"https:\/\/www.semanariolocal.cl\/?p=28061"},"modified":"2025-04-09T21:57:01","modified_gmt":"2025-04-10T01:57:01","slug":"aprobado-proyecto-que-crea-nuevo-regimen-tributario-para-ferias-libres","status":"publish","type":"post","link":"https:\/\/www.semanariolocal.cl\/?p=28061","title":{"rendered":"Aprobado proyecto que crea nuevo r\u00e9gimen tributario para ferias libres"},"content":{"rendered":"\n<p><strong><mark style=\"background-color:#abb8c3\" class=\"has-inline-color has-white-color\">09 de abril del 2025.- <\/mark><\/strong> La Sala de la C\u00e1mara de Diputados aprob\u00f3 en particular y en general, por 92 votos a favor y 25 en contra, el proyecto que establece un nuevo r\u00e9gimen tributario para ferias libres, y lo despach\u00f3 a su siguiente tr\u00e1mite constitucional en el Senado.<\/p>\n\n\n\n<p>El objetivo de la iniciativa es avanzar en una mayor formalizaci\u00f3n y unificar al sector de comerciantes de ferias libres. La falta de un r\u00e9gimen obliga a estos trabajadores a emitir boletas y recargar un 19% sobre sus ventas, sin perjuicio de las dificultades que puedan tener para determinar el IVA (Impuesto a las Ventas y Servicios) que han aportado con anterioridad.<\/p>\n\n\n\n<p>El ministro de Hacienda, Mario Marcel, valor\u00f3 el avance esta iniciativa y asegur\u00f3 que \u201cla formalizaci\u00f3n podemos encararla de dos maneras. Uno, castigando la informalidad, y otra es facilitando la formalizaci\u00f3n. Este es un proyecto que lo que busca es justamente lo segundo, facilitar la formalizaci\u00f3n\u201d.<\/p>\n\n\n\n<p>En concreto, este nuevo r\u00e9gimen introduce un nuevo p\u00e1rrafo 7 ter en la Ley sobre Impuesto a las Ventas y Servicios, donde se establece un impuesto sustitutivo del IVA que se aplicar\u00e1 sobre las ventas que realicen los feriantes a trav\u00e9s de medios de pago electr\u00f3nico. La tasa del impuesto sustitutivo ser\u00e1 de un 1,5% sobre las ventas efectuadas a trav\u00e9s de medios de pago electr\u00f3nicos. Este impuesto, m\u00e1s la comisi\u00f3n de servicio del operador de medio de pago no podr\u00e1 exceder un 3,5%.<\/p>\n\n\n\n<p>Ser\u00e1 el operador de medio de pago el obligado a retener, declarar y enterar el impuesto en arcas fiscales. En consecuencia, los comerciantes de ferias libres quedar\u00e1n eximidos de llevar contabilidad y hacer declaraciones de impuestos asociados al IVA.<\/p>\n\n\n\n<p>El ministro Marcel aclar\u00f3 que \u201ceste proyecto no produce cambios en el Registro Social de Hogares. El hecho de que un comerciante de feria libre realice inicio de actividades y se inscriba a este r\u00e9gimen preferente, no producir\u00e1 cambios en el lugar en que se encuentra dentro del Registro, porque all\u00ed toda la informaci\u00f3n que se utiliza tiene que ver con otras materias, no tiene que ver con que sea formal o sea informal\u201d.<\/p>\n\n\n\n<p>El proyecto contempla que a este nuevo r\u00e9gimen podr\u00e1n acceder voluntariamente las personas naturales que se registren como comerciantes de ferias libres en la municipalidad respectiva al momento de iniciar actividades y que cuenten con un permiso o patente municipal para tal efecto; o que manifiesten su inter\u00e9s de ingresar a \u00e9l en enero de cada a\u00f1o. Actualmente unas 100.000 personas se dedican a esta actividad, seg\u00fan cifras administrativas.<\/p>\n\n\n\n<p>A su vez, el comerciante que se acoja a este r\u00e9gimen deber\u00e1 tener giro exclusivo de ferias libres, de lo contrario ser\u00e1 excluido del r\u00e9gimen y deber\u00e1 sujetarse al r\u00e9gimen general del IVA. En cuanto a plazos, aquellos trabajadores de ferias libres que cumplan con los requisitos para acogerse a este r\u00e9gimen tendr\u00e1n hasta el 31 de julio de 2025 para solicitar su inscripci\u00f3n en el registro correspondiente.<\/p>\n\n\n\n<p>Al final de la sesi\u00f3n, el ministro Marcel hizo reserva de constitucionalidad a la indicaci\u00f3n ingresada por la diputada Joanna P\u00e9rez y los diputados Miguel \u00c1ngel Calisto y Jorge Saffirio, quienes propusieron que los comerciantes que formen parte del 60% m\u00e1s vulnerable de la poblaci\u00f3n no necesiten realizar el inicio de actividades para solicitar permisos municipales para ejercer su labor. Ello por ser una iniciativa exclusiva del Presidente de la Rep\u00fablica.<\/p>\n","protected":false},"excerpt":{"rendered":"<p>La iniciativa tiene como objetivo avanzar hacia la formalizaci\u00f3n de estos comerciantes mediante un impuesto sustitutivo del IVA que se aplicar\u00e1 sobre ventas efectuadas mediante pagos electr\u00f3nicos, con un pago m\u00e1ximo de 3,5%.<\/p>\n","protected":false},"author":1,"featured_media":28062,"comment_status":"closed","ping_status":"closed","sticky":false,"template":"","format":"standard","meta":{"footnotes":""},"categories":[20,3,12,9,6,3842,3590],"tags":[2118,1977,2763,337,273,132,247,133],"class_list":["post-28061","post","type-post","status-publish","format-standard","has-post-thumbnail","hentry","category-agro","category-al-dia","category-economia","category-gobierno","category-politica","category-politicas-publicas","category-pymes","tag-semanariolocal","tag-ferias-libres","tag-impuestos","tag-informacion","tag-noticias","tag-osorno","tag-region-de-los-lagos","tag-semanario-local"],"_links":{"self":[{"href":"https:\/\/www.semanariolocal.cl\/index.php?rest_route=\/wp\/v2\/posts\/28061","targetHints":{"allow":["GET"]}}],"collection":[{"href":"https:\/\/www.semanariolocal.cl\/index.php?rest_route=\/wp\/v2\/posts"}],"about":[{"href":"https:\/\/www.semanariolocal.cl\/index.php?rest_route=\/wp\/v2\/types\/post"}],"author":[{"embeddable":true,"href":"https:\/\/www.semanariolocal.cl\/index.php?rest_route=\/wp\/v2\/users\/1"}],"replies":[{"embeddable":true,"href":"https:\/\/www.semanariolocal.cl\/index.php?rest_route=%2Fwp%2Fv2%2Fcomments&post=28061"}],"version-history":[{"count":1,"href":"https:\/\/www.semanariolocal.cl\/index.php?rest_route=\/wp\/v2\/posts\/28061\/revisions"}],"predecessor-version":[{"id":28063,"href":"https:\/\/www.semanariolocal.cl\/index.php?rest_route=\/wp\/v2\/posts\/28061\/revisions\/28063"}],"wp:featuredmedia":[{"embeddable":true,"href":"https:\/\/www.semanariolocal.cl\/index.php?rest_route=\/wp\/v2\/media\/28062"}],"wp:attachment":[{"href":"https:\/\/www.semanariolocal.cl\/index.php?rest_route=%2Fwp%2Fv2%2Fmedia&parent=28061"}],"wp:term":[{"taxonomy":"category","embeddable":true,"href":"https:\/\/www.semanariolocal.cl\/index.php?rest_route=%2Fwp%2Fv2%2Fcategories&post=28061"},{"taxonomy":"post_tag","embeddable":true,"href":"https:\/\/www.semanariolocal.cl\/index.php?rest_route=%2Fwp%2Fv2%2Ftags&post=28061"}],"curies":[{"name":"wp","href":"https:\/\/api.w.org\/{rel}","templated":true}]}}