{"id":27986,"date":"2025-04-08T10:01:42","date_gmt":"2025-04-08T14:01:42","guid":{"rendered":"https:\/\/www.semanariolocal.cl\/?p=27986"},"modified":"2025-04-08T10:02:20","modified_gmt":"2025-04-08T14:02:20","slug":"educacion-rural-el-arte-de-pulir-perlas-en-la-distancia","status":"publish","type":"post","link":"https:\/\/www.semanariolocal.cl\/?p=27986","title":{"rendered":"Educaci\u00f3n rural: el arte de pulir perlas en la distancia"},"content":{"rendered":"\n<p><strong><mark style=\"background-color:#abb8c3\" class=\"has-inline-color has-white-color\">08 de abril del 2025.-<\/mark><\/strong> M\u00e1s all\u00e1 de una efem\u00e9ride, esta fecha nos obliga a mirar con respeto y admiraci\u00f3n el trabajo silencioso y muchas veces invisible de cientos de comunidades educativas que siguen sosteniendo con convicci\u00f3n una promesa: que la educaci\u00f3n puede transformar vidas, sin importar los confines en los que estas se encuentren.<\/p>\n\n\n\n<p>La historia de la educaci\u00f3n rural en Chile es tambi\u00e9n la historia del pa\u00eds profundo. Desde las escuelas -escuelas fundadas a inicios del siglo XX en zonas cordilleranas y australes- hasta las aulas multigrado que hoy siguen funcionando en sectores donde la conectividad es escasa y las condiciones clim\u00e1ticas extremas, los profesores rurales han sido protagonistas de una epopeya pedag\u00f3gica. Seg\u00fan datos recientes del Ministerio de Educaci\u00f3n, m\u00e1s de 3.000 establecimientos educacionales en Chile son considerados rurales, acogiendo a una matr\u00edcula superior a los 250.000 estudiantes. Son cifras que, m\u00e1s que n\u00fameros, representan infancias con acentos propios, ritmos distintos, pero id\u00e9ntico derecho a aprender.<\/p>\n\n\n\n<p>En este contexto, se vuelve imposible no evocar a Gabriela Mistral. Su natalicio, un 7 de abril de 1889, coincide con esta celebraci\u00f3n, y no por azar. Ella, maestra rural, poetisa del alma latinoamericana, premio Nobel de Literatura en 1945, encarn\u00f3 como nadie la convicci\u00f3n de que un ni\u00f1o o ni\u00f1a, a\u00fan en el m\u00e1s apartado rinc\u00f3n del valle o la monta\u00f1a, puede brillar si se le ofrece una palabra justa, una mano extendida, una ense\u00f1anza viva. Mistral cre\u00eda en la educaci\u00f3n como una obra de amor y esperanza, y su legado sigue vigente en cada educador que, en una escuela al borde del camino, en medio de la lluvia o el viento del sur, decide levantarse cada d\u00eda a ense\u00f1ar.<\/p>\n\n\n\n<p>Porque eso es lo que hacen nuestros docentes rurales: pulen perlas. Con paciencia, con fe, con recursos limitados, pero con una convicci\u00f3n infinita, logran ver lo que a veces el resto del pa\u00eds olvida: que cada estudiante es una joya en potencia. La distancia no impide la calidad y el aislamiento no impide el v\u00ednculo. La verdadera educaci\u00f3n \u2013esa que transforma\u2013 ocurre cuando hay alguien que cree en lo que a\u00fan no se ve, que descubre talentos entre los silencios del campo y que, pese a las inclemencias del tiempo y del territorio, no renuncia a su tarea.<\/p>\n\n\n\n<p><strong>Claudio Mu\u00f1oz Ibarra, docente carrera Psicolog\u00eda de la Universidad Santo Tom\u00e1s, Puerto Montt.<\/strong><\/p>\n","protected":false},"excerpt":{"rendered":"<p>Cada 7 de abril, Chile conmemora el D\u00eda Nacional de la Educaci\u00f3n Rural, una instancia para reflexionar sobre el valor profundo que tiene educar en contextos geogr\u00e1ficamente apartados, culturalmente diversos y socialmente desafiantes. <\/p>\n","protected":false},"author":1,"featured_media":27987,"comment_status":"closed","ping_status":"closed","sticky":false,"template":"","format":"standard","meta":{"footnotes":""},"categories":[3302,3,11,7,3265],"tags":[2118,4097,77,337,273,132,113,247,133,922],"class_list":["post-27986","post","type-post","status-publish","format-standard","has-post-thumbnail","hentry","category-academia","category-al-dia","category-educacion","category-opinion","category-psicologia","tag-semanariolocal","tag-claudio-munoz-ibarra","tag-educacion","tag-informacion","tag-noticias","tag-osorno","tag-puerto-montt","tag-region-de-los-lagos","tag-semanario-local","tag-ust-puerto-montt"],"_links":{"self":[{"href":"https:\/\/www.semanariolocal.cl\/index.php?rest_route=\/wp\/v2\/posts\/27986","targetHints":{"allow":["GET"]}}],"collection":[{"href":"https:\/\/www.semanariolocal.cl\/index.php?rest_route=\/wp\/v2\/posts"}],"about":[{"href":"https:\/\/www.semanariolocal.cl\/index.php?rest_route=\/wp\/v2\/types\/post"}],"author":[{"embeddable":true,"href":"https:\/\/www.semanariolocal.cl\/index.php?rest_route=\/wp\/v2\/users\/1"}],"replies":[{"embeddable":true,"href":"https:\/\/www.semanariolocal.cl\/index.php?rest_route=%2Fwp%2Fv2%2Fcomments&post=27986"}],"version-history":[{"count":2,"href":"https:\/\/www.semanariolocal.cl\/index.php?rest_route=\/wp\/v2\/posts\/27986\/revisions"}],"predecessor-version":[{"id":27989,"href":"https:\/\/www.semanariolocal.cl\/index.php?rest_route=\/wp\/v2\/posts\/27986\/revisions\/27989"}],"wp:featuredmedia":[{"embeddable":true,"href":"https:\/\/www.semanariolocal.cl\/index.php?rest_route=\/wp\/v2\/media\/27987"}],"wp:attachment":[{"href":"https:\/\/www.semanariolocal.cl\/index.php?rest_route=%2Fwp%2Fv2%2Fmedia&parent=27986"}],"wp:term":[{"taxonomy":"category","embeddable":true,"href":"https:\/\/www.semanariolocal.cl\/index.php?rest_route=%2Fwp%2Fv2%2Fcategories&post=27986"},{"taxonomy":"post_tag","embeddable":true,"href":"https:\/\/www.semanariolocal.cl\/index.php?rest_route=%2Fwp%2Fv2%2Ftags&post=27986"}],"curies":[{"name":"wp","href":"https:\/\/api.w.org\/{rel}","templated":true}]}}