{"id":27967,"date":"2025-04-04T10:45:00","date_gmt":"2025-04-04T13:45:00","guid":{"rendered":"https:\/\/www.semanariolocal.cl\/?p=27967"},"modified":"2025-04-05T22:50:08","modified_gmt":"2025-04-06T01:50:08","slug":"dignidad-laboral-en-jaque-cuando-el-aprendizaje-no-es-suficiente","status":"publish","type":"post","link":"https:\/\/www.semanariolocal.cl\/?p=27967","title":{"rendered":"Dignidad laboral en jaque: cuando el aprendizaje no es suficiente"},"content":{"rendered":"\n<p><strong><mark style=\"background-color:#abb8c3\" class=\"has-inline-color has-white-color\">04 de abril del 2025.-<\/mark> <\/strong>La intervenci\u00f3n del influencer Karol Lucero en un matinal televisivo, donde pontific\u00f3 el \u201ctrabajo no remunerado\u201d como una alternativa para los j\u00f3venes profesionales, desat\u00f3 una pol\u00e9mica en el pa\u00eds: \u00abNo todo trabajo tiene que ser remunerado econ\u00f3micamente\u00bb, detall\u00f3 el comunicador, destacando que \u201cla experiencia y el aprendizaje\u201d tambi\u00e9n son formas v\u00e1lidas de compensaci\u00f3n, citando adem\u00e1s su propia experiencia.<\/p>\n\n\n\n<p>Esto puso nuevamente en el debate al trabajo no remunerado en Chile, espec\u00edficamente en industrias creativas y digitales, donde estas pr\u00e1cticas -como pasant\u00edas o colaboraciones sin sueldo- son frecuentes.<\/p>\n\n\n\n<p>Para Mauricio Mu\u00f1oz, Soci\u00f3logo, Doctor en Ciencias Sociales y coordinador del&nbsp;<a href=\"https:\/\/observatoriouoh.cl\/laboral\/\" target=\"_blank\" rel=\"noreferrer noopener\">Observatorio Laboral<\/a>&nbsp;de la&nbsp;<a href=\"http:\/\/www.uoh.cl\/\" target=\"_blank\" rel=\"noreferrer noopener\">Universidad de O\u2019Higgins<\/a>&nbsp;(UOH), cada cierto tiempo \u201cnos enteramos de este tipo de pr\u00e1cticas de parte de empleadores inescrupulosos\u201d. El experto agrega que la remuneraci\u00f3n y el contrato de trabajo son caracter\u00edsticas propias de las formas laborales modernas. \u201cLa inexistencia de contrato redunda en informalidad y la inexistencia de remuneraci\u00f3n nos remite m\u00e1s bien a la edad media e incluso al esclavismo\u201d, se\u00f1ala.<\/p>\n\n\n\n<p>El soci\u00f3logo aclara que los problemas asociados a este tipo de fen\u00f3menos son variados y se pueden identificar implicancias en diferentes niveles. \u201cDesde violar los derechos humanos de las personas, pasando por la inestabilidad laboral, el imposibilitar el acceso a seguridad social, el mermar los ahorros previsionales, la precarizaci\u00f3n de las condiciones de vida y las m\u00faltiples consecuencias personales, subjetivas y familiares\u201d, detalla.<\/p>\n\n\n\n<p><strong>Penalizar<\/strong><\/p>\n\n\n\n<p>Respecto a la penalizaci\u00f3n de estas pr\u00e1cticas, Mu\u00f1oz indica que los reg\u00edmenes informales de empleabilidad est\u00e1n al margen de la ley y potencialmente pueden ser penalizados. \u201cLas relaciones laborales en Chile est\u00e1n regidas por el C\u00f3digo del Trabajo, para el caso del sector privado, y por el Estatuto Administrativo, para el caso del sector p\u00fablico. Como sea, existe una normativa que procura generar condiciones laborales que aseguran m\u00ednimos comunes en torno al respeto de los derechos de las personas. El contrato de trabajo y las remuneraciones son parte de aquello\u201d, destaca.<\/p>\n\n\n\n<p><strong>Trabajo&nbsp;decente<\/strong><\/p>\n\n\n\n<p>A inicios de este siglo, se acu\u00f1\u00f3 el concepto de trabajo decente. Introducido por la Organizaci\u00f3n Internacional del Trabajo (OIT), se refiere a un marco que busca garantizar que todas las personas tengan acceso a oportunidades laborales productivas en condiciones de libertad, equidad, seguridad y dignidad humana. No solo se centra en la existencia de empleo, tambi\u00e9n en la calidad de este, integrando derechos laborales, protecci\u00f3n social y di\u00e1logo entre los actores involucrados (gobiernos, empleadores y trabajadores).<\/p>\n\n\n\n<p>De all\u00ed que Mauricio Mu\u00f1oz indique que un trabajo sin remuneraci\u00f3n y sin contrato es \u201cun trabajo precario\u201d.&nbsp; Agrega que el trabajo decente, adem\u00e1s de ser productivo, \u201ces un empleo que respeta los derechos laborales y proporciona un ingreso digno. Tambi\u00e9n est\u00e1 relacionado con la seguridad en los espacios laborales y la protecci\u00f3n social. Claramente, la productora online de Karol Lucero y sus pr\u00e1cticas tecno-feudales est\u00e1n en las ant\u00edpodas del trabajo decente\u201d, finaliza.&nbsp;<\/p>\n","protected":false},"excerpt":{"rendered":"<p> La justificaci\u00f3n televisada de un influencer en favor del trabajo sin sueldo reaviv\u00f3 el debate sobre la precariedad laboral en Chile, enfrent\u00e1ndose al ideal del trabajo decente que exige dignidad y no solo promesas.<\/p>\n","protected":false},"author":1,"featured_media":27968,"comment_status":"closed","ping_status":"closed","sticky":false,"template":"","format":"standard","meta":{"footnotes":""},"categories":[3302,3,3558],"tags":[2118,337,273,247,133,842,2105,176],"class_list":["post-27967","post","type-post","status-publish","format-standard","has-post-thumbnail","hentry","category-academia","category-al-dia","category-cronica","tag-semanariolocal","tag-informacion","tag-noticias","tag-region-de-los-lagos","tag-semanario-local","tag-trabajo","tag-universidad-bernardo-ohiggins","tag-uoh"],"_links":{"self":[{"href":"https:\/\/www.semanariolocal.cl\/index.php?rest_route=\/wp\/v2\/posts\/27967","targetHints":{"allow":["GET"]}}],"collection":[{"href":"https:\/\/www.semanariolocal.cl\/index.php?rest_route=\/wp\/v2\/posts"}],"about":[{"href":"https:\/\/www.semanariolocal.cl\/index.php?rest_route=\/wp\/v2\/types\/post"}],"author":[{"embeddable":true,"href":"https:\/\/www.semanariolocal.cl\/index.php?rest_route=\/wp\/v2\/users\/1"}],"replies":[{"embeddable":true,"href":"https:\/\/www.semanariolocal.cl\/index.php?rest_route=%2Fwp%2Fv2%2Fcomments&post=27967"}],"version-history":[{"count":1,"href":"https:\/\/www.semanariolocal.cl\/index.php?rest_route=\/wp\/v2\/posts\/27967\/revisions"}],"predecessor-version":[{"id":27969,"href":"https:\/\/www.semanariolocal.cl\/index.php?rest_route=\/wp\/v2\/posts\/27967\/revisions\/27969"}],"wp:featuredmedia":[{"embeddable":true,"href":"https:\/\/www.semanariolocal.cl\/index.php?rest_route=\/wp\/v2\/media\/27968"}],"wp:attachment":[{"href":"https:\/\/www.semanariolocal.cl\/index.php?rest_route=%2Fwp%2Fv2%2Fmedia&parent=27967"}],"wp:term":[{"taxonomy":"category","embeddable":true,"href":"https:\/\/www.semanariolocal.cl\/index.php?rest_route=%2Fwp%2Fv2%2Fcategories&post=27967"},{"taxonomy":"post_tag","embeddable":true,"href":"https:\/\/www.semanariolocal.cl\/index.php?rest_route=%2Fwp%2Fv2%2Ftags&post=27967"}],"curies":[{"name":"wp","href":"https:\/\/api.w.org\/{rel}","templated":true}]}}