{"id":27926,"date":"2025-04-03T22:52:30","date_gmt":"2025-04-04T01:52:30","guid":{"rendered":"https:\/\/www.semanariolocal.cl\/?p=27926"},"modified":"2025-04-03T22:52:31","modified_gmt":"2025-04-04T01:52:31","slug":"la-reaccion-de-los-mercados-financieros-ante-el-dia-de-la-liberacion","status":"publish","type":"post","link":"https:\/\/www.semanariolocal.cl\/?p=27926","title":{"rendered":"La reacci\u00f3n de los mercados financieros ante el D\u00eda de la Liberaci\u00f3n"},"content":{"rendered":"\n<p><strong><mark style=\"background-color:#abb8c3\" class=\"has-inline-color has-white-color\">03 de Abril del 2025.- <\/mark><\/strong> La medida, seg\u00fan el mandatario, responde a los grav\u00e1menes similares que estos pa\u00edses aplican a productos estadounidenses. La decisi\u00f3n, por supuesto, tuvo un impacto inmediato en los mercados financieros, que reflejaron la incertidumbre y las expectativas de los agentes econ\u00f3micos ante la nueva situaci\u00f3n.<\/p>\n\n\n\n<p>En este sentido es importante se\u00f1alar que los mercados financieros tienen la capacidad de incorporar de manera \u00e1gil la informaci\u00f3n que se presenta en la valorizaci\u00f3n de su activo.&nbsp; Por lo tanto, los precios accionarios reflejan de manera muy din\u00e1mica lo que est\u00e1 ocurriendo en el contexto mundial, respecto a los t\u00e9rminos de intercambio o las condiciones de intercambio que est\u00e1n siendo modificadas por las distintas tasas arancelarias impuestas por el presidente de Estados Unidos.<\/p>\n\n\n\n<p>Y es que un activo financiero lo que hace, b\u00e1sicamente, en su valorizaci\u00f3n es representar expectativas futuras sobre la evoluci\u00f3n o las proyecciones que hacen los distintos agentes econ\u00f3micos sobre la generaci\u00f3n de flujos de esos activos.<\/p>\n\n\n\n<p>Las acciones representan t\u00edtulos de capital de las distintas compa\u00f1\u00edas. As\u00ed, en la medida en que haya perspectivas favorables sobre la evoluci\u00f3n de sus flujos, el valor de los activos financieros aumenta. Cuando las perspectivas son negativas, el valor de los activos cae porque, b\u00e1sicamente, ah\u00ed se incorpora informaci\u00f3n que no es favorable para el desarrollo del mercado. En este caso, la ca\u00edda en las bolsas mundiales justamente representa una visi\u00f3n del mercado sobre la menor actividad econ\u00f3mica que generan estas tasas arancelarias.<\/p>\n\n\n\n<p>Esta ca\u00edda tan significativa implica que el mercado lee o asume que no es favorable que existan imposiciones que generen barreras a la libre comercializaci\u00f3n. Podr\u00edamos pensar tambi\u00e9n que aquellas empresas que son m\u00e1s abiertas al mundo, que intercambian con Estados Unidos, son las que se pueden ver mayormente afectadas.<\/p>\n\n\n\n<p>Lo que en este d\u00eda es relevante tambi\u00e9n, y que requiere atenci\u00f3n, es las r\u00e9plicas que generan en Europa, en Asia y en los dem\u00e1s pa\u00edses de Am\u00e9rica, como Canad\u00e1. Porque hay impuestos sobre m\u00e1s de 10.000 art\u00edculos, que son la cantidad de art\u00edculos que trae el glosario aduanero, y se aplicaron a distintos pa\u00edses con tasas diferenciadas.<\/p>\n\n\n\n<p>La intenci\u00f3n detr\u00e1s de esto es compensar los aranceles que los dem\u00e1s pa\u00edses o las dem\u00e1s comunidades le han aplicado a Estados Unidos, buscando hacer esa compensaci\u00f3n. Los efectos que habr\u00e1 en t\u00e9rminos macroecon\u00f3micos para el comercio internacional tambi\u00e9n dependen de la respuesta que tendr\u00e1n las dem\u00e1s naciones esta semana, particularmente los primeros d\u00edas, porque podr\u00edan ser que los socios comerciales se comuniquen con Estados Unidos para buscar una medida que permita remediar esta situaci\u00f3n o simplemente responder con una sobretasa arancelaria. Esto, obviamente, ralentiza y disminuye la actividad econ\u00f3mica internacional, perjudicando a distintos bienes y servicios.<\/p>\n\n\n\n<p>Lo que por el momento est\u00e1 definido es que las exportaciones de cobre no se ver\u00edan afectadas porque no est\u00e1n consideradas dentro de esta mayor tasa. Sin embargo, si se cumplen los objetivos del presidente Trump de lograr un modelo econ\u00f3mico que sea desarrollado de manera aut\u00f3noma o con baja dependencia del comercio internacional, se estima que podr\u00eda haber un periodo que genere incluso recesos en Estados Unidos y tambi\u00e9n un proceso inflacionario, lo cual es justamente lo que los ciudadanos esperan que se evite.<\/p>\n\n\n\n<p><strong>Jaime Vera Pe\u00f1a &#8211; Acad\u00e9mico Ingenier\u00eda Comercial &#8211; Universidad Andr\u00e9s Bello<\/strong><\/p>\n","protected":false},"excerpt":{"rendered":"<p>En el contexto del denominado \u00abD\u00eda de la Liberaci\u00f3n\u00bb, el presidente de Estados Unidos, Donald Trump, anunci\u00f3 la imposici\u00f3n de aranceles del 10% a Chile, as\u00ed como a Argentina, Colombia y Brasil. <\/p>\n","protected":false},"author":1,"featured_media":27927,"comment_status":"closed","ping_status":"closed","sticky":false,"template":"","format":"standard","meta":{"footnotes":""},"categories":[3302,3,12,2890,3800],"tags":[2118,337,3643,273,247,133,1822],"class_list":["post-27926","post","type-post","status-publish","format-standard","has-post-thumbnail","hentry","category-academia","category-al-dia","category-economia","category-internacional","category-mercado","tag-semanariolocal","tag-informacion","tag-jaime-vera-pena","tag-noticias","tag-region-de-los-lagos","tag-semanario-local","tag-universidad-andres-bello"],"_links":{"self":[{"href":"https:\/\/www.semanariolocal.cl\/index.php?rest_route=\/wp\/v2\/posts\/27926","targetHints":{"allow":["GET"]}}],"collection":[{"href":"https:\/\/www.semanariolocal.cl\/index.php?rest_route=\/wp\/v2\/posts"}],"about":[{"href":"https:\/\/www.semanariolocal.cl\/index.php?rest_route=\/wp\/v2\/types\/post"}],"author":[{"embeddable":true,"href":"https:\/\/www.semanariolocal.cl\/index.php?rest_route=\/wp\/v2\/users\/1"}],"replies":[{"embeddable":true,"href":"https:\/\/www.semanariolocal.cl\/index.php?rest_route=%2Fwp%2Fv2%2Fcomments&post=27926"}],"version-history":[{"count":1,"href":"https:\/\/www.semanariolocal.cl\/index.php?rest_route=\/wp\/v2\/posts\/27926\/revisions"}],"predecessor-version":[{"id":27928,"href":"https:\/\/www.semanariolocal.cl\/index.php?rest_route=\/wp\/v2\/posts\/27926\/revisions\/27928"}],"wp:featuredmedia":[{"embeddable":true,"href":"https:\/\/www.semanariolocal.cl\/index.php?rest_route=\/wp\/v2\/media\/27927"}],"wp:attachment":[{"href":"https:\/\/www.semanariolocal.cl\/index.php?rest_route=%2Fwp%2Fv2%2Fmedia&parent=27926"}],"wp:term":[{"taxonomy":"category","embeddable":true,"href":"https:\/\/www.semanariolocal.cl\/index.php?rest_route=%2Fwp%2Fv2%2Fcategories&post=27926"},{"taxonomy":"post_tag","embeddable":true,"href":"https:\/\/www.semanariolocal.cl\/index.php?rest_route=%2Fwp%2Fv2%2Ftags&post=27926"}],"curies":[{"name":"wp","href":"https:\/\/api.w.org\/{rel}","templated":true}]}}