{"id":27854,"date":"2025-04-01T08:10:00","date_gmt":"2025-04-01T11:10:00","guid":{"rendered":"https:\/\/www.semanariolocal.cl\/?p=27854"},"modified":"2025-03-31T23:09:46","modified_gmt":"2025-04-01T02:09:46","slug":"presidente-comision-de-mineria-pide-no-utilizar-recursos-para-financiar-gastos-corrientes","status":"publish","type":"post","link":"https:\/\/www.semanariolocal.cl\/?p=27854","title":{"rendered":"Presidente comisi\u00f3n de Miner\u00eda pide no utilizar recursos para financiar gastos corrientes"},"content":{"rendered":"\n<p><strong><mark style=\"background-color:#abb8c3\" class=\"has-inline-color has-white-color\">01 de Abril del 2025.-<\/mark><\/strong> El diputado y actual presidente de la comisi\u00f3n de Miner\u00eda y Energ\u00eda de la C\u00e1mara Baja, Marco Antonio Sulantay, anunci\u00f3 que oficiar\u00e1 al ministro de Hacienda, Mario Marcel, como tambi\u00e9n a la directora de Presupuestos, Javiera Mart\u00ednez, para que transparenten en qu\u00e9 utilizar\u00e1n los recursos adicionales que ingresar\u00e1n a las arcas fiscales a ra\u00edz del precio hist\u00f3rico que ha alcanzado el cobre durante las \u00faltimas semanas, superando por varios momentos los 5,3 d\u00f3lares la libra.<\/p>\n\n\n\n<p>Al respecto, si bien el parlamentario gremialista calific\u00f3 como una \u201cimportante noticia\u201d el precio al que ha llegado el metal rojo en el \u00faltimo mes, manifest\u00f3 su preocupaci\u00f3n por el eventual uso que se le pueda dar a dichos recursos, recordando as\u00ed lo ocurrido con los excedentes que gener\u00f3 el litio.<\/p>\n\n\n\n<p>Justamente, Sulantay hizo referencia a los pol\u00e9micos traspasos por cerca de US$ 3.500 millones que la Corporaci\u00f3n de Fomento de la Producci\u00f3n (Corfo) debi\u00f3 hacer al Ministerio de Hacienda en 2023 para financiar gastos corrientes del Estado, de los cuales US$2.000 millones correspond\u00edan a los excedentes que hab\u00eda generado el litio, lo que habr\u00eda derivado en una afectaci\u00f3n patrimonial a Corfo.<\/p>\n\n\n\n<p>Por lo mismo, ante los \u201cfantasmas\u201d que existen sobre el eventual destino de dichos recursos, el integrante de la Bancada UDI decidi\u00f3 oficiar a ambas autoridades para que puedan realizar una proyecci\u00f3n de los ingresos que podr\u00eda recibir el pa\u00eds y transparenten su uso, advirtiendo que -a su juicio- \u201cno deber\u00edan cometer el mismo error de destinarlos a financiar gastos corrientes del Estado\u201d.<\/p>\n\n\n\n<p>\u201cPor m\u00e1s que se deba a una situaci\u00f3n coyuntural, es una muy buena noticia que el precio del cobre est\u00e9 alcanzando precios hist\u00f3ricos en las \u00faltimas semanas. Pero como todo evento transitorio que implique una mayor fuente de ingresos para nuestro pa\u00eds, son fundamentales las decisiones que puedan adoptar las autoridades que est\u00e1n a cargo. Lo que ocurri\u00f3 con los excedentes del litio no puede volver a repetirse y nuestro pa\u00eds tiene la responsabilidad de aprovechar estas circunstancias para ahorrar estos recursos y no destinarlos a gastos corrientes\u201d, manifest\u00f3 el diputado Sulantay.<\/p>\n\n\n\n<p>Pero adem\u00e1s del oficio que enviar\u00e1 a Hacienda y a la Dipres, el presidente de la comisi\u00f3n de Miner\u00eda y Energ\u00eda de la C\u00e1mara Baja tambi\u00e9n anunci\u00f3 que al regreso de la semana distrital solicitar\u00e1 el acuerdo para citar a las autoridades a dicha instancia, reiterando que \u201ces fundamental conocer de primera fuente cu\u00e1ntos son los ingresos que podr\u00eda recibir nuestro pa\u00eds y en qu\u00e9 se podr\u00edan utilizar\u201d.<\/p>\n\n\n\n<p>Lo anterior, considerando tambi\u00e9n -advirti\u00f3 Sulantay- la proximidad de las elecciones presidenciales y parlamentarias de noviembre pr\u00f3ximo, sobre lo cual el parlamentario gremialista manifest\u00f3 que \u201csiempre es necesario estar atento a los gastos que realice el Estado en un a\u00f1o electoral\u201d, insistiendo en que dada la actual situaci\u00f3n econ\u00f3mica por la que atraviesa el pa\u00eds \u201ces indispensable que las autoridades act\u00faen con la mayor responsabilidad y no desaprovechen otra vez esta oportunidad\u201d.<\/p>\n","protected":false},"excerpt":{"rendered":"<p>Parlamentario  llam\u00f3 al Gobierno a no repetir el mismo error que se cometi\u00f3 con los excedentes del litio, luego que se revelara que en 2023 Corfo debi\u00f3 traspasar US$ 2.000 millones a Hacienda para financiar parte del presupuesto de ese a\u00f1o. <\/p>\n","protected":false},"author":1,"featured_media":27855,"comment_status":"closed","ping_status":"closed","sticky":false,"template":"","format":"standard","meta":{"footnotes":""},"categories":[3,6,3842],"tags":[2118,4054,3216,4053,337,3119,273,2050,247,133],"class_list":["post-27854","post","type-post","status-publish","format-standard","has-post-thumbnail","hentry","category-al-dia","category-politica","category-politicas-publicas","tag-semanariolocal","tag-deficit","tag-diputado-marco-antonio-sulantay","tag-gastos-corrientes","tag-informacion","tag-mineria","tag-noticias","tag-presupuesto","tag-region-de-los-lagos","tag-semanario-local"],"_links":{"self":[{"href":"https:\/\/www.semanariolocal.cl\/index.php?rest_route=\/wp\/v2\/posts\/27854","targetHints":{"allow":["GET"]}}],"collection":[{"href":"https:\/\/www.semanariolocal.cl\/index.php?rest_route=\/wp\/v2\/posts"}],"about":[{"href":"https:\/\/www.semanariolocal.cl\/index.php?rest_route=\/wp\/v2\/types\/post"}],"author":[{"embeddable":true,"href":"https:\/\/www.semanariolocal.cl\/index.php?rest_route=\/wp\/v2\/users\/1"}],"replies":[{"embeddable":true,"href":"https:\/\/www.semanariolocal.cl\/index.php?rest_route=%2Fwp%2Fv2%2Fcomments&post=27854"}],"version-history":[{"count":2,"href":"https:\/\/www.semanariolocal.cl\/index.php?rest_route=\/wp\/v2\/posts\/27854\/revisions"}],"predecessor-version":[{"id":27858,"href":"https:\/\/www.semanariolocal.cl\/index.php?rest_route=\/wp\/v2\/posts\/27854\/revisions\/27858"}],"wp:featuredmedia":[{"embeddable":true,"href":"https:\/\/www.semanariolocal.cl\/index.php?rest_route=\/wp\/v2\/media\/27855"}],"wp:attachment":[{"href":"https:\/\/www.semanariolocal.cl\/index.php?rest_route=%2Fwp%2Fv2%2Fmedia&parent=27854"}],"wp:term":[{"taxonomy":"category","embeddable":true,"href":"https:\/\/www.semanariolocal.cl\/index.php?rest_route=%2Fwp%2Fv2%2Fcategories&post=27854"},{"taxonomy":"post_tag","embeddable":true,"href":"https:\/\/www.semanariolocal.cl\/index.php?rest_route=%2Fwp%2Fv2%2Ftags&post=27854"}],"curies":[{"name":"wp","href":"https:\/\/api.w.org\/{rel}","templated":true}]}}