{"id":27849,"date":"2025-04-01T08:05:00","date_gmt":"2025-04-01T11:05:00","guid":{"rendered":"https:\/\/www.semanariolocal.cl\/?p=27849"},"modified":"2025-03-31T23:00:46","modified_gmt":"2025-04-01T02:00:46","slug":"informalidad-laboral-en-chile-los-desafios-para-un-trabajo-decente","status":"publish","type":"post","link":"https:\/\/www.semanariolocal.cl\/?p=27849","title":{"rendered":"Informalidad laboral en Chile: los desaf\u00edos para un trabajo decente"},"content":{"rendered":"\n<p><strong><mark style=\"background-color:#abb8c3\" class=\"has-inline-color has-white-color\">01 de Abril del 2025.-<\/mark><\/strong> Se estima que un 27% de los trabajadores en Chile se encuentran en situaci\u00f3n de empleo informal. Dicha cifra se desprende del \u00faltimo\u00a0<a href=\"https:\/\/www.cajasdechile.cl\/wp-content\/uploads\/2025\/03\/Estudio-Integral-sobre-la-informalidad-laboral-en-Chile_Cajas-de-Chile_OCEC-UDP.pdf\" target=\"_blank\" rel=\"noreferrer noopener\">informe sobre la informalidad laboral en Chile<\/a>\u00a0(OCEC-UDP), que tambi\u00e9n resalta que tal situaci\u00f3n es m\u00e1s alta en mujeres que en hombres, con una brecha de varios puntos porcentuales.<\/p>\n\n\n\n<p>El informe tambi\u00e9n agrega que el comercio y los servicios concentran gran parte de los empleos informales y que un alto porcentaje de trabajadores informales no cotiza para pensiones ni tiene acceso a seguros de salud.<\/p>\n\n\n\n<p>Para&nbsp;<a href=\"https:\/\/observatoriouoh.cl\/laboral\/equipo\/mauricio-munoz\/\" target=\"_blank\" rel=\"noreferrer noopener\">Mauricio Mu\u00f1oz<\/a>, Soci\u00f3logo, Doctor en Ciencias Sociales y coordinador del&nbsp;<a href=\"https:\/\/observatoriouoh.cl\/laboral\/\" target=\"_blank\" rel=\"noreferrer noopener\">Observatorio Laboral<\/a>&nbsp;de la&nbsp;<a href=\"http:\/\/www.uoh.cl\/\" target=\"_blank\" rel=\"noreferrer noopener\">Universidad de O\u2019Higgins<\/a>&nbsp;(UOH) se puede afirmar que la informalidad en Chile se distribuye de forma relativamente equitativa entre aquellas personas que se vinculan laboralmente a una empresa y aquellas que realizan labores de manera independiente. \u201cEsto \u00faltimo puede estar relacionado con la proliferaci\u00f3n de emprendimientos informales, fen\u00f3meno muy com\u00fan sobre todo despu\u00e9s de la pandemia, que responde a la incapacidad que ha tenido el mercado del trabajo para integrar de manera formal a las personas\u201d, explica el experto.<\/p>\n\n\n\n<p>Agrega que, en el caso espec\u00edfico de los trabajadores dependientes, esto puede estar asociado a subterfugios que utilizan las empresas, empleando a personas de manera informal, para evitar los costos asociados a la formalizaci\u00f3n, tanto econ\u00f3micos (cotizaciones o indemnizaci\u00f3n por a\u00f1os de servicio), como de gesti\u00f3n. \u201cTambi\u00e9n est\u00e1 el fen\u00f3meno que denomino \u2018informalidad consentida\u2019, es decir, cuando los empleados les piden a sus empleadores evitar el contrato de trabajo con el fin de obtener una remuneraci\u00f3n l\u00edquida m\u00e1s alta\u201d, indica.<\/p>\n\n\n\n<p><strong>\u00bfRetroceso?<\/strong><\/p>\n\n\n\n<p>Mauricio Mu\u00f1oz a\u00f1ade que, en comparaci\u00f3n con los mercados laborales de Latinoam\u00e9rica en general, la informalidad en Chile es relativamente baja, aunque persistente. \u201cLa tasa de informalidad del pa\u00eds, durante los \u00faltimos a\u00f1os, dependiendo de la temporada, oscila entre el 26 y 29%. Por supuesto que, de cualquier manera, es un problema sobre el que, para atenuarlo, se deben focalizar pol\u00edticas p\u00fablicas en materia de empleo, sobre todo en la poblaci\u00f3n mayor, ya que son los adultos en edad de jubilar en donde la informalidad es m\u00e1s alta, doblando el promedio nacional\u201d.<\/p>\n\n\n\n<p>Agrega que esto tambi\u00e9n se asocia a otros problemas, como -por ejemplo- el bajo nivel de pensiones que empuja a los jubilados a seguir trabajando, muchos de ellos en la franja informal.<\/p>\n\n\n\n<p>Por eso a\u00f1ade que el crecimiento econ\u00f3mico es fundamental para que los empleos se puedan proyectar en el tiempo, \u201cde lo contrario, se conforman iniciativas empresariales en torno a proyectos contingentes, lo cual redunda en trabajos espor\u00e1dicos e informales\u201d.<\/p>\n\n\n\n<p>Puntualiza tambi\u00e9n en la inestabilidad del mercado del trabajo. \u201cEn muchas regiones del pa\u00eds el mercado responde a econom\u00edas c\u00edclicas, que generan m\u00e1s empleos en determinadas temporadas; mientras que en otras zonas aumenta el desempleo, se tienden a informatizar las relaciones laborales, y requieren de pol\u00edticas p\u00fablicas que reduzcan estas variaciones en la demanda de trabajadores\u201d, detalla Mu\u00f1oz.<\/p>\n\n\n\n<p>Por \u00faltimo, el soci\u00f3logo se\u00f1ala que las bajas remuneraciones son otra de las razones por la cual las personas optan por la informalidad. \u201cSeg\u00fan datos de la Encuesta Suplementaria de Ingresos del INE, en Chile el 50% del total de personas ocupadas tienen una remuneraci\u00f3n mensual l\u00edquida por debajo de los 503 mil pesos. Ante esto, frente a un mercado del trabajo que tiende a pauperizar los salarios y reproducir la pobreza, es razonable que la gente opte por iniciativas individuales, por emprendimientos que muchas veces pueden estar en el terreno de lo informal\u201d, finaliza.&nbsp;<\/p>\n","protected":false},"excerpt":{"rendered":"<p> Un informe sobre la informalidad laboral en Chile (OCEC-UDP) destac\u00f3 que casi la mitad de los empleos que se ejercen en la informalidad en Chile son dependientes.<\/p>\n","protected":false},"author":1,"featured_media":27850,"comment_status":"closed","ping_status":"closed","sticky":false,"template":"","format":"standard","meta":{"footnotes":""},"categories":[3302,3,2889,3558],"tags":[337,4052,273,247,133,842,2105,4051,176],"class_list":["post-27849","post","type-post","status-publish","format-standard","has-post-thumbnail","hentry","category-academia","category-al-dia","category-analisis","category-cronica","tag-informacion","tag-informalidad","tag-noticias","tag-region-de-los-lagos","tag-semanario-local","tag-trabajo","tag-universidad-bernardo-ohiggins","tag-universidad-diego-portalez","tag-uoh"],"_links":{"self":[{"href":"https:\/\/www.semanariolocal.cl\/index.php?rest_route=\/wp\/v2\/posts\/27849","targetHints":{"allow":["GET"]}}],"collection":[{"href":"https:\/\/www.semanariolocal.cl\/index.php?rest_route=\/wp\/v2\/posts"}],"about":[{"href":"https:\/\/www.semanariolocal.cl\/index.php?rest_route=\/wp\/v2\/types\/post"}],"author":[{"embeddable":true,"href":"https:\/\/www.semanariolocal.cl\/index.php?rest_route=\/wp\/v2\/users\/1"}],"replies":[{"embeddable":true,"href":"https:\/\/www.semanariolocal.cl\/index.php?rest_route=%2Fwp%2Fv2%2Fcomments&post=27849"}],"version-history":[{"count":2,"href":"https:\/\/www.semanariolocal.cl\/index.php?rest_route=\/wp\/v2\/posts\/27849\/revisions"}],"predecessor-version":[{"id":27853,"href":"https:\/\/www.semanariolocal.cl\/index.php?rest_route=\/wp\/v2\/posts\/27849\/revisions\/27853"}],"wp:featuredmedia":[{"embeddable":true,"href":"https:\/\/www.semanariolocal.cl\/index.php?rest_route=\/wp\/v2\/media\/27850"}],"wp:attachment":[{"href":"https:\/\/www.semanariolocal.cl\/index.php?rest_route=%2Fwp%2Fv2%2Fmedia&parent=27849"}],"wp:term":[{"taxonomy":"category","embeddable":true,"href":"https:\/\/www.semanariolocal.cl\/index.php?rest_route=%2Fwp%2Fv2%2Fcategories&post=27849"},{"taxonomy":"post_tag","embeddable":true,"href":"https:\/\/www.semanariolocal.cl\/index.php?rest_route=%2Fwp%2Fv2%2Ftags&post=27849"}],"curies":[{"name":"wp","href":"https:\/\/api.w.org\/{rel}","templated":true}]}}